{"id":19513,"date":"2025-06-19T08:58:06","date_gmt":"2025-06-19T11:58:06","guid":{"rendered":"https:\/\/www.miguelfaccio.com.br\/blog\/?p=19513"},"modified":"2025-06-19T08:58:09","modified_gmt":"2025-06-19T11:58:09","slug":"rcd4080-raios-ou-chamas","status":"publish","type":"post","link":"https:\/\/www.miguelfaccio.com.br\/blog\/index.php\/rcd4080-raios-ou-chamas\/","title":{"rendered":"RCD4080 Raios ou Chamas"},"content":{"rendered":"\n<p class=\"has-text-align-right\"><strong>Mensagem de M\u00e3e Maria <br>Atrav\u00e9s de Jane Ribeiro<\/strong><\/p>\n\n\n\n<p>ORAI PELA M\u00c3E TERRA E POR SEUS FILHOS<\/p>\n\n\n\n<p>16 de junho de 2025<\/p>\n\n\n\n<p>Amados filhos,<\/p>\n\n\n\n<p>Que as b\u00ean\u00e7\u00e3os do amor tragam paz aos vossos corpos, Mentes e Cora\u00e7\u00f5es.<\/p>\n\n\n\n<p>Orai, filhos amados, eis que nunca em vosso tempo as ora\u00e7\u00f5es foram t\u00e3o necess\u00e1rias para gerar luz e envolver todas as mentes e cora\u00e7\u00f5es dos filhos da Terra.<\/p>\n\n\n\n<p>Vosso planeta e todos v\u00f3s que o habitais passais por enormes e profundas altera\u00e7\u00f5es em vossas vibra\u00e7\u00f5es, vibra\u00e7\u00f5es que expurgam a densidade que ainda carregais em vossos corpos, e que n\u00e3o t\u00eam mais espa\u00e7o neste novo momento planet\u00e1rio.<\/p>\n\n\n\n<p>\u00c9 preciso que possais compreender que chegou o momento de vossa M\u00e3e Terra, e todos que nela habitam, de expurgar toda dor, sofrimento, doen\u00e7as, e toda sorte de limites que foram criados e alimentados ao longo de muitas gera\u00e7\u00f5es.<\/p>\n\n\n\n<p>O ser humano conta, ainda, com o tempo da miseric\u00f3rdia para compreender a lei da causa e efeito que governa o universo e, assim fazendo, viver em harmonia, em fraternidade, utilizando a sabedoria divina para pautar sua jornada e expandindo amor para cumprir a vontade do Pai.<\/p>\n\n\n\n<p>Todavia, poucos o fizeram, e o que se v\u00ea hoje em vosso planeta s\u00e3o guerras, disc\u00f3rdia, injusti\u00e7as, gan\u00e2ncia, incompreens\u00e3o e um n\u00famero cada vez maior de sentimentos que s\u00f3 produzem e refletem a escurid\u00e3o.<\/p>\n\n\n\n<p>A vida, contudo, \u00e9 para ser vivida por ciclos que se desdobram em m\u00faltiplas espirais para elevar, sim elevar a consci\u00eancia daqueles que escolheram aprender na M\u00e3e Terra.<\/p>\n\n\n\n<p>Assim sendo, \u00e9 preciso que o corpo da M\u00e3e Terra, e de seus filhos, se despojem do lixo acumulado, para tornar poss\u00edvel a continuidade de vossas jornadas em vosso planeta.<\/p>\n\n\n\n<p>V\u00eas hoje o caos imperando por todo o planeta, sacrificando vidas, gerando a fome, a doen\u00e7a, as guerras, alimentando o \u00f3dio, a indiferen\u00e7a, o cinismo, a intoler\u00e2ncia, permitindo que os desonestos, os ego\u00edstas, os sem car\u00e1ter usurpem da maioria os bens que s\u00e3o de todos, que deveriam estar \u00e0 disposi\u00e7\u00e3o dos milh\u00f5es de seres que como filhos de Deus habitam a M\u00e3e Terra por Direito Divino, e precisam n\u00e3o s\u00f3 sobreviver, mas sim viver, viver com dignidade, com respeito, em harmonia com o todo, na compreens\u00e3o de que o todo reflete aquilo que todos os seus componentes s\u00e3o.<\/p>\n\n\n\n<p>Hoje o todo reflete o caos, e todos v\u00f3s que j\u00e1 compreenderam e resgataram o prop\u00f3sito de viver precisam ser os arautos do novo tempo, que atuam para harmonizar esse vosso planeta recriando a paz, recriando a compreens\u00e3o, recriando o amor e a prosperidade que geram toler\u00e2ncia e harmonia entre todos os habitantes desse planeta.<\/p>\n\n\n\n<p>Fazei, pois vossa parte, amados, primeiramente harmonizando vossas vidas, alimentando o amor em vossos cora\u00e7\u00f5es, equilibrando vossas polaridades, para que possais deixar transparecer a luz da sabedoria, que precisa ser refletida por todas as mentes, luz necess\u00e1ria para atrair todos os filhos que se desviaram do caminho, para o retorno ao reto pensar, sentir e agir que vos ensinou Lorde Gautama, luz que precisa ser manifestada, ancorada e expandida por todos v\u00f3s, mudando o rosto denso desse planeta para a cristalinidade que s\u00f3 o amor e a verdade podem tornar realidade no novo tempo, a era da luz.<\/p>\n\n\n\n<p>Que cada palavra, de cada ora\u00e7\u00e3o pronunciada por cada um de v\u00f3s, carregue a for\u00e7a do poder-amor-sabedoria do Pai Criador, para que a luz se fa\u00e7a presente, dissolvendo a escurid\u00e3o gerada pelo caos, deixando que a transpar\u00eancia refletida por cada ser possa ser o suporte para vossas escolhas conscientes, escolhas que transformar\u00e3o o ego\u00edsmo em solidariedade, \u00e0s injusti\u00e7as em equil\u00edbrio, o medo, a dor, a viol\u00eancia e a escassez em amor.<\/p>\n\n\n\n<p>Que possais, pois, expressar uma prece todos os dias, especialmente nos hor\u00e1rios de quadrante, colocando nela vossa inten\u00e7\u00e3o de transformar todo caos em luz.<\/p>\n\n\n\n<p>Bem-amados, Eu vos deixo agora derramando sobre todos v\u00f3s as minhas b\u00ean\u00e7\u00e3os e envolvendo a todos no meu manto de prote\u00e7\u00e3o.<\/p>\n\n\n\n<p>~ Eu Sou Maria, Vossa M\u00e3e<\/p>\n\n\n\n<p>Formata\u00e7\u00e3o \u2013 Blog De Cora\u00e7\u00e3o a Cora\u00e7\u00e3o<\/p>\n\n\n\n<figure class=\"wp-block-embed\"><div class=\"wp-block-embed__wrapper\">\nhttp:\/\/www.decoracaoacoracao.blog.br\/\n<\/div><\/figure>\n\n\n\n<figure class=\"wp-block-embed\"><div class=\"wp-block-embed__wrapper\">\nhttp:\/\/stelalecocq.blogspot.com\n<\/div><\/figure>\n\n\n\n<figure class=\"wp-block-embed\"><div class=\"wp-block-embed__wrapper\">\nhttps:\/\/lecocq.wordpress.com\n<\/div><\/figure>\n\n\n\n<p>Instagram \u2013 @blogdecoracaoacoracao<\/p>\n\n\n\n<p>Informa\u00e7\u00f5es e Agendamentos para Mesa Qu\u00e2ntica Estelar, Mesa Pet, Mesa Qu\u00e2ntica 2.0, Florais de Bach, Sistema Regenerador Ashtariano, Sistema Arcturiano de Cura Multidimensional \u2013 lecocqmuller@gmail.com<\/p>\n\n\n\n<p>E-book \u201cMensagens dos Mestres \u2013 De Cora\u00e7\u00e3o a Cora\u00e7\u00e3o\u201d \u2013 https:\/\/mensagensdosmestres.blogspot.com\/<\/p>\n\n\n\n<figure class=\"wp-block-embed\"><div class=\"wp-block-embed__wrapper\">\nhttps:\/\/bit.ly\/mensagensmaemaria\n<\/div><\/figure>\n\n\n\n<p>Respeite todos os cr\u00e9ditos ao compartilhar<\/p>\n\n\n\n<p>LUZ!<\/p>\n\n\n\n<p>STELA<\/p>\n","protected":false},"excerpt":{"rendered":"<p>Mensagem de M\u00e3e Maria Atrav\u00e9s de Jane Ribeiro ORAI PELA M\u00c3E TERRA E POR SEUS FILHOS 16 de junho de 2025 Amados filhos, Que as b\u00ean\u00e7\u00e3os do amor tragam paz aos vossos corpos, Mentes e Cora\u00e7\u00f5es. Orai, filhos amados, eis que nunca em vosso tempo as ora\u00e7\u00f5es foram t\u00e3o necess\u00e1rias para gerar luz e envolver [&hellip;]<\/p>\n","protected":false},"author":1,"featured_media":0,"comment_status":"open","ping_status":"open","sticky":false,"template":"","format":"standard","meta":{"_mi_skip_tracking":false},"categories":[3],"tags":[],"_links":{"self":[{"href":"https:\/\/www.miguelfaccio.com.br\/blog\/index.php\/wp-json\/wp\/v2\/posts\/19513"}],"collection":[{"href":"https:\/\/www.miguelfaccio.com.br\/blog\/index.php\/wp-json\/wp\/v2\/posts"}],"about":[{"href":"https:\/\/www.miguelfaccio.com.br\/blog\/index.php\/wp-json\/wp\/v2\/types\/post"}],"author":[{"embeddable":true,"href":"https:\/\/www.miguelfaccio.com.br\/blog\/index.php\/wp-json\/wp\/v2\/users\/1"}],"replies":[{"embeddable":true,"href":"https:\/\/www.miguelfaccio.com.br\/blog\/index.php\/wp-json\/wp\/v2\/comments?post=19513"}],"version-history":[{"count":1,"href":"https:\/\/www.miguelfaccio.com.br\/blog\/index.php\/wp-json\/wp\/v2\/posts\/19513\/revisions"}],"predecessor-version":[{"id":19514,"href":"https:\/\/www.miguelfaccio.com.br\/blog\/index.php\/wp-json\/wp\/v2\/posts\/19513\/revisions\/19514"}],"wp:attachment":[{"href":"https:\/\/www.miguelfaccio.com.br\/blog\/index.php\/wp-json\/wp\/v2\/media?parent=19513"}],"wp:term":[{"taxonomy":"category","embeddable":true,"href":"https:\/\/www.miguelfaccio.com.br\/blog\/index.php\/wp-json\/wp\/v2\/categories?post=19513"},{"taxonomy":"post_tag","embeddable":true,"href":"https:\/\/www.miguelfaccio.com.br\/blog\/index.php\/wp-json\/wp\/v2\/tags?post=19513"}],"curies":[{"name":"wp","href":"https:\/\/api.w.org\/{rel}","templated":true}]}}