{"id":19511,"date":"2025-06-19T08:55:20","date_gmt":"2025-06-19T11:55:20","guid":{"rendered":"https:\/\/www.miguelfaccio.com.br\/blog\/?p=19511"},"modified":"2025-06-19T08:55:22","modified_gmt":"2025-06-19T11:55:22","slug":"plv4133-livro-28-diario-10-01-2023","status":"publish","type":"post","link":"https:\/\/www.miguelfaccio.com.br\/blog\/index.php\/plv4133-livro-28-diario-10-01-2023\/","title":{"rendered":"PLV4133 \u2013 Livro 28 \u2013 Di\u00e1rio, 10\/01\/2023"},"content":{"rendered":"\n<p class=\"has-text-align-right\"><strong>10\/01\/2023<\/strong><\/p>\n\n\n\n<p>Quem tem o dia dividido em tr\u00eas partes de 8 horas cada uma, \u00e9 o corpo f\u00edsico, que precisa trabalhar, se divertir, se alimentar e seu tempo de sono. A nossa mat\u00e9ria n\u00e3o suportaria, por muito tempo, uma carga constante e sem a alimenta\u00e7\u00e3o e nem o descanso. \u00c9 a condi\u00e7\u00e3o a que o ser humano est\u00e1 condicionado aqui no planeta. A outra parte de sua dualidade, o esp\u00edrito, n\u00e3o precisa dormir e quando se alimenta e est\u00e1 fora do corpo f\u00edsico, o faz da fonte universal, sem a necessidade de nada elaborar para serem satisfeitas suas necessidades. Seu alimento \u00e9 a energia. Quando est\u00e1 imerso dentro de um corpo f\u00edsico, sua alimenta\u00e7\u00e3o, quando necess\u00e1ria, o faz da energia dos alimentos que o corpo consome. Estamos muito desvinculados do conhecimento que transcende a mat\u00e9ria, ficando somente atentos aquilo que a ci\u00eancia dos homens conhece. No entanto, atr\u00e1s da mat\u00e9ria h\u00e1 muita coisa que foge \u00e0 nossa percep\u00e7\u00e3o, mas isso n\u00e3o quer dizer que n\u00e3o exista. A ci\u00eancia dos homens, nos prepara apenas para o cemit\u00e9rio e esquece que depois do cemit\u00e9rio existe o c\u00e9u e todo o conhecimento que est\u00e1 fora da mat\u00e9ria. Isso tudo, tamb\u00e9m, pertence ao corpo, \u00e0 dualidade mat\u00e9ria\/esp\u00edrito. Quando o corpo, a mat\u00e9ria deixa de existir, tudo continua no consciente do esp\u00edrito. Nada se perde, apenas o consciente do corpo n\u00e3o conseguiu abrir essas caixinhas desses conhecimentos. Se quisesse, poderia esse conhecimento estar presente em seu consciente, e lhe seria muito \u00fatil para sua pr\u00f3pria evolu\u00e7\u00e3o.<\/p>\n","protected":false},"excerpt":{"rendered":"<p>10\/01\/2023 Quem tem o dia dividido em tr\u00eas partes de 8 horas cada uma, \u00e9 o corpo f\u00edsico, que precisa trabalhar, se divertir, se alimentar e seu tempo de sono. A nossa mat\u00e9ria n\u00e3o suportaria, por muito tempo, uma carga constante e sem a alimenta\u00e7\u00e3o e nem o descanso. \u00c9 a condi\u00e7\u00e3o a que o [&hellip;]<\/p>\n","protected":false},"author":1,"featured_media":0,"comment_status":"open","ping_status":"open","sticky":false,"template":"","format":"standard","meta":{"_mi_skip_tracking":false},"categories":[34],"tags":[],"_links":{"self":[{"href":"https:\/\/www.miguelfaccio.com.br\/blog\/index.php\/wp-json\/wp\/v2\/posts\/19511"}],"collection":[{"href":"https:\/\/www.miguelfaccio.com.br\/blog\/index.php\/wp-json\/wp\/v2\/posts"}],"about":[{"href":"https:\/\/www.miguelfaccio.com.br\/blog\/index.php\/wp-json\/wp\/v2\/types\/post"}],"author":[{"embeddable":true,"href":"https:\/\/www.miguelfaccio.com.br\/blog\/index.php\/wp-json\/wp\/v2\/users\/1"}],"replies":[{"embeddable":true,"href":"https:\/\/www.miguelfaccio.com.br\/blog\/index.php\/wp-json\/wp\/v2\/comments?post=19511"}],"version-history":[{"count":1,"href":"https:\/\/www.miguelfaccio.com.br\/blog\/index.php\/wp-json\/wp\/v2\/posts\/19511\/revisions"}],"predecessor-version":[{"id":19512,"href":"https:\/\/www.miguelfaccio.com.br\/blog\/index.php\/wp-json\/wp\/v2\/posts\/19511\/revisions\/19512"}],"wp:attachment":[{"href":"https:\/\/www.miguelfaccio.com.br\/blog\/index.php\/wp-json\/wp\/v2\/media?parent=19511"}],"wp:term":[{"taxonomy":"category","embeddable":true,"href":"https:\/\/www.miguelfaccio.com.br\/blog\/index.php\/wp-json\/wp\/v2\/categories?post=19511"},{"taxonomy":"post_tag","embeddable":true,"href":"https:\/\/www.miguelfaccio.com.br\/blog\/index.php\/wp-json\/wp\/v2\/tags?post=19511"}],"curies":[{"name":"wp","href":"https:\/\/api.w.org\/{rel}","templated":true}]}}