{"id":19501,"date":"2025-06-17T10:51:53","date_gmt":"2025-06-17T13:51:53","guid":{"rendered":"https:\/\/www.miguelfaccio.com.br\/blog\/?p=19501"},"modified":"2025-06-17T10:52:03","modified_gmt":"2025-06-17T13:52:03","slug":"rcd4079-raios-ou-chamas","status":"publish","type":"post","link":"https:\/\/www.miguelfaccio.com.br\/blog\/index.php\/rcd4079-raios-ou-chamas\/","title":{"rendered":"RCD4079 Raios ou Chamas"},"content":{"rendered":"\n<p class=\"has-text-align-right\"><strong>Ensinamentos do Mestre Kuthumi <br>Canalizados por Lynette Leckie-Clark<\/strong><\/p>\n\n\n\n<p>DO GRANDE ENCONTRO DO ESP\u00cdRITO<\/p>\n\n\n\n<p>continua\u00e7\u00e3o<\/p>\n\n\n\n<p>Agora, 20 de Junho \u00e9 o Solst\u00edcio. A palavra Solst\u00edcio significa \u201co tempo para\u201d. Mas \u201cO que \u00e9 o tempo\u201d, como diz Kuthumi? Realmente tem a ver com luz. Mais luz no hemisf\u00e9rio norte e menos luz no hemisf\u00e9rio sul. No entanto, \u00e9 um momento para ser honrado e refletido.<\/p>\n\n\n\n<p>Isso tamb\u00e9m cria um momento muito m\u00e1gico para se conectar mais facilmente com seus pr\u00f3prios guias espirituais, Anjos e Mestres Ascensionados. Como eu disse, este solst\u00edcio est\u00e1 no signo de C\u00e2ncer e o poderoso planeta expansivo J\u00fapiter se move para o signo de C\u00e2ncer em 10 de Junho.<\/p>\n\n\n\n<p>J\u00fapiter expande tudo o que toca, aumentando a facilidade energ\u00e9tica dispon\u00edvel para se conectar com os reinos superiores. \u00c9 interessante notar que C\u00e2ncer \u00e9 considerado um signo emocional e\u2026 estamos superando nossas emo\u00e7\u00f5es. Colocando nosso corpo emocional em equil\u00edbrio. Hummm\u2026<\/p>\n\n\n\n<p>N\u00e3o existem coincid\u00eancias com o Esp\u00edrito. Agora, para adicionar a todo esse \u201cpoder\u201d energ\u00e9tico, temos uma Lua Nova em C\u00e2ncer em 25 de Junho, aproximando-se do poderoso J\u00fapiter. Uau!<\/p>\n\n\n\n<p>Ent\u00e3o, para resumir, esta \u00e9 uma grande oportunidade para completar, certamente para verificar novamente, como voc\u00eas est\u00e3o lidando com a libera\u00e7\u00e3o de m\u00e1goas e bloqueios emocionais do passado.<\/p>\n\n\n\n<p>Kuthumi vem nos lembrando dessas quest\u00f5es em suas mensagens h\u00e1 algum tempo. Ele sabia que receber\u00edamos esta enorme oportunidade energ\u00e9tica, permitindo que voc\u00eas se sintonizassem mais facilmente com a sua Alma e come\u00e7assem a integrar as novas energias humanoides.<\/p>\n\n\n\n<p>Na \u00faltima mensagem canalizada de Kuthumi, ele fala sobre o grande encontro espiritual e tamb\u00e9m d\u00e1 a cada um de voc\u00eas uma tarefa: auxiliar no crescimento da sua pr\u00f3pria Alma e no seu progresso.<\/p>\n\n\n\n<p>Ele \u00e9 maravilhoso, mas sou um pouco tendenciosa. Ele nos d\u00e1 mais um passo em nosso caminho terreno, rumo \u00e0 fus\u00e3o com a Alma.<\/p>\n\n\n\n<p>At\u00e9 a pr\u00f3xima, continuem crescendo e aproveitando sua jornada de transforma\u00e7\u00e3o.<\/p>\n\n\n\n<p>~ Mestre Kuthumi, Lynette, Michael e Brad e a Grande Fraternidade Branca<\/p>\n\n\n\n<p>Formata\u00e7\u00e3o \u2013 BLOG DE CORA\u00c7\u00c3O A CORA\u00c7\u00c3O<\/p>\n\n\n\n<figure class=\"wp-block-embed\"><div class=\"wp-block-embed__wrapper\">\nhttp:\/\/www.decoracaoacoracao.blog.br\/\n<\/div><\/figure>\n\n\n\n<figure class=\"wp-block-embed\"><div class=\"wp-block-embed__wrapper\">\nhttp:\/\/stelalecocq.blogspot.com\n<\/div><\/figure>\n\n\n\n<figure class=\"wp-block-embed\"><div class=\"wp-block-embed__wrapper\">\nhttps:\/\/lecocq.wordpress.com\n<\/div><\/figure>\n\n\n\n<p>Instagram \u2013 @blogdecoracaoacoracao<\/p>\n\n\n\n<p>Informa\u00e7\u00f5es e Agendamentos para Mesa Qu\u00e2ntica Estelar, Mesa Pet, Mesa Qu\u00e2ntica 2.0, Florais de Bach, Sistema Regenerador Ashtariano, Sistema Arcturiano de Cura Multidimensional \u2013 lecocqmuller@gmail.com<\/p>\n\n\n\n<p>E-book \u201cMensagens dos Mestres \u2013 De Cora\u00e7\u00e3o a Cora\u00e7\u00e3o\u201d \u2013 https:\/\/mensagensdosmestres.blogspot.com\/<\/p>\n\n\n\n<p>www.https:\/\/kuthumischool.com<\/p>\n\n\n\n<p>Tradu\u00e7\u00e3o: Regina Drumond \u2013 reginamadrumond@yahoo.com.br<\/p>\n\n\n\n<p>Respeite todos os cr\u00e9ditos ao compartilhar<\/p>\n\n\n\n<p>LUZ!<\/p>\n\n\n\n<p>STELA<\/p>\n","protected":false},"excerpt":{"rendered":"<p>Ensinamentos do Mestre Kuthumi Canalizados por Lynette Leckie-Clark DO GRANDE ENCONTRO DO ESP\u00cdRITO continua\u00e7\u00e3o Agora, 20 de Junho \u00e9 o Solst\u00edcio. A palavra Solst\u00edcio significa \u201co tempo para\u201d. Mas \u201cO que \u00e9 o tempo\u201d, como diz Kuthumi? Realmente tem a ver com luz. Mais luz no hemisf\u00e9rio norte e menos luz no hemisf\u00e9rio sul. No [&hellip;]<\/p>\n","protected":false},"author":1,"featured_media":0,"comment_status":"open","ping_status":"open","sticky":false,"template":"","format":"standard","meta":{"_mi_skip_tracking":false},"categories":[3],"tags":[],"_links":{"self":[{"href":"https:\/\/www.miguelfaccio.com.br\/blog\/index.php\/wp-json\/wp\/v2\/posts\/19501"}],"collection":[{"href":"https:\/\/www.miguelfaccio.com.br\/blog\/index.php\/wp-json\/wp\/v2\/posts"}],"about":[{"href":"https:\/\/www.miguelfaccio.com.br\/blog\/index.php\/wp-json\/wp\/v2\/types\/post"}],"author":[{"embeddable":true,"href":"https:\/\/www.miguelfaccio.com.br\/blog\/index.php\/wp-json\/wp\/v2\/users\/1"}],"replies":[{"embeddable":true,"href":"https:\/\/www.miguelfaccio.com.br\/blog\/index.php\/wp-json\/wp\/v2\/comments?post=19501"}],"version-history":[{"count":1,"href":"https:\/\/www.miguelfaccio.com.br\/blog\/index.php\/wp-json\/wp\/v2\/posts\/19501\/revisions"}],"predecessor-version":[{"id":19502,"href":"https:\/\/www.miguelfaccio.com.br\/blog\/index.php\/wp-json\/wp\/v2\/posts\/19501\/revisions\/19502"}],"wp:attachment":[{"href":"https:\/\/www.miguelfaccio.com.br\/blog\/index.php\/wp-json\/wp\/v2\/media?parent=19501"}],"wp:term":[{"taxonomy":"category","embeddable":true,"href":"https:\/\/www.miguelfaccio.com.br\/blog\/index.php\/wp-json\/wp\/v2\/categories?post=19501"},{"taxonomy":"post_tag","embeddable":true,"href":"https:\/\/www.miguelfaccio.com.br\/blog\/index.php\/wp-json\/wp\/v2\/tags?post=19501"}],"curies":[{"name":"wp","href":"https:\/\/api.w.org\/{rel}","templated":true}]}}