{"id":19499,"date":"2025-06-17T10:47:19","date_gmt":"2025-06-17T13:47:19","guid":{"rendered":"https:\/\/www.miguelfaccio.com.br\/blog\/?p=19499"},"modified":"2025-06-17T10:47:23","modified_gmt":"2025-06-17T13:47:23","slug":"plv4131-livro-28-diario-08-01-2023","status":"publish","type":"post","link":"https:\/\/www.miguelfaccio.com.br\/blog\/index.php\/plv4131-livro-28-diario-08-01-2023\/","title":{"rendered":"PLV4131 \u2013 Livro 28 \u2013 Di\u00e1rio, 08\/01\/2023"},"content":{"rendered":"\n<p class=\"has-text-align-right\"><strong>08\/01\/2023<\/strong><\/p>\n\n\n\n<p>A vida, quem a entende? A ci\u00eancia dos homens, ao menos, chama de vida tudo o que se movimenta sobre a terra ou abaixo dela. H\u00e1 aqui o entendimento raso demais, porque limita demasiadamente o sentido e o entendimento de, em realidade, o que \u00e9 \u201cvida|\u201d. D\u00e1 a exclusividade da vida apenas aos seres animados. Num sentido amplo, pode-se dizer que vida \u00e9 energia. Ampliando mais, vida \u00e9 Deus em a\u00e7\u00e3o. Com uma explica\u00e7\u00e3o muito simples, \u00e9 poss\u00edvel ter o pleno entendimento do que \u00e9 vida. O \u00e1tomo \u00e9 formado de el\u00e9tron, pr\u00f3ton e neutro. Para que esse conjunto permane\u00e7a estado, \u00e9 necess\u00e1ria uma energia que os envolva, dando-lhe a estabilidade. Sabemos que os \u00e1tomos possuem de um a 118 el\u00e9trons que giram em torno do n\u00facleo, formando pelo pr\u00f3ton e neutro. Cada um destes \u00e1tomos possuem a mesma energia em outra frequ\u00eancia e intensidade, dando a estabilidade a cada \u00e1tomo, impedindo a sa\u00edda ou entrada de qualquer outro el\u00e9tron. A uni\u00e3o de \u00e1tomos forma um corpo, que tamb\u00e9m tem essa mesma energia em outra intensidade e frequ\u00eancia. Qualquer corpo, ou individualidade, n\u00e3o importa o tamanho que tenha, tamb\u00e9m possui essa energia em determinada frequ\u00eancia e intensidade, que sustenta e d\u00e1 a exist\u00eancia desse corpo. Um planeta tamb\u00e9m tem essa energia que lhe d\u00e1 a sustenta\u00e7\u00e3o. O mesmo acontece com cada sistema solar, com cada gal\u00e1xia, com cada gal\u00e1xia de gal\u00e1xias e com o universo, que tamb\u00e9m \u00e9 envolvido por essa mesma energia que tem que ser maior do que o universo. Essa energia s\u00f3 pode ser provida de um Deus, que \u00e9 maior que o universo. Essa energia \u00e9 a \u201cvida\u201d, \u00e9 Deus em a\u00e7\u00e3o.<\/p>\n","protected":false},"excerpt":{"rendered":"<p>08\/01\/2023 A vida, quem a entende? A ci\u00eancia dos homens, ao menos, chama de vida tudo o que se movimenta sobre a terra ou abaixo dela. H\u00e1 aqui o entendimento raso demais, porque limita demasiadamente o sentido e o entendimento de, em realidade, o que \u00e9 \u201cvida|\u201d. D\u00e1 a exclusividade da vida apenas aos seres [&hellip;]<\/p>\n","protected":false},"author":1,"featured_media":0,"comment_status":"open","ping_status":"open","sticky":false,"template":"","format":"standard","meta":{"_mi_skip_tracking":false},"categories":[34],"tags":[],"_links":{"self":[{"href":"https:\/\/www.miguelfaccio.com.br\/blog\/index.php\/wp-json\/wp\/v2\/posts\/19499"}],"collection":[{"href":"https:\/\/www.miguelfaccio.com.br\/blog\/index.php\/wp-json\/wp\/v2\/posts"}],"about":[{"href":"https:\/\/www.miguelfaccio.com.br\/blog\/index.php\/wp-json\/wp\/v2\/types\/post"}],"author":[{"embeddable":true,"href":"https:\/\/www.miguelfaccio.com.br\/blog\/index.php\/wp-json\/wp\/v2\/users\/1"}],"replies":[{"embeddable":true,"href":"https:\/\/www.miguelfaccio.com.br\/blog\/index.php\/wp-json\/wp\/v2\/comments?post=19499"}],"version-history":[{"count":1,"href":"https:\/\/www.miguelfaccio.com.br\/blog\/index.php\/wp-json\/wp\/v2\/posts\/19499\/revisions"}],"predecessor-version":[{"id":19500,"href":"https:\/\/www.miguelfaccio.com.br\/blog\/index.php\/wp-json\/wp\/v2\/posts\/19499\/revisions\/19500"}],"wp:attachment":[{"href":"https:\/\/www.miguelfaccio.com.br\/blog\/index.php\/wp-json\/wp\/v2\/media?parent=19499"}],"wp:term":[{"taxonomy":"category","embeddable":true,"href":"https:\/\/www.miguelfaccio.com.br\/blog\/index.php\/wp-json\/wp\/v2\/categories?post=19499"},{"taxonomy":"post_tag","embeddable":true,"href":"https:\/\/www.miguelfaccio.com.br\/blog\/index.php\/wp-json\/wp\/v2\/tags?post=19499"}],"curies":[{"name":"wp","href":"https:\/\/api.w.org\/{rel}","templated":true}]}}