{"id":19497,"date":"2025-06-16T10:10:38","date_gmt":"2025-06-16T13:10:38","guid":{"rendered":"https:\/\/www.miguelfaccio.com.br\/blog\/?p=19497"},"modified":"2025-06-16T10:10:41","modified_gmt":"2025-06-16T13:10:41","slug":"rcd4078-raios-ou-chamas","status":"publish","type":"post","link":"https:\/\/www.miguelfaccio.com.br\/blog\/index.php\/rcd4078-raios-ou-chamas\/","title":{"rendered":"RCD4078 Raios ou Chamas"},"content":{"rendered":"\n<p class=\"has-text-align-right\"><strong>Ensinamentos do Mestre Kuthumi <br>Canalizados por Lynette Leckie-Clark<\/strong><\/p>\n\n\n\n<p>DO GRANDE ENCONTRO DO ESP\u00cdRITO<\/p>\n\n\n\n<p>continua\u00e7\u00e3o<\/p>\n\n\n\n<p>Lembrem-se de que o Mestre Kuthumi disse: \u201cDominar o corpo emocional \u00e9 a maior conquista e o maior aprendizado da humanidade\u201d. Talvez eu fale mais sobre isso em outra ocasi\u00e3o.<\/p>\n\n\n\n<p>O Dia Mundial da Invoca\u00e7\u00e3o \u00e9 lembrado em 11 de Junho. A Luz e o amor emanados ao lerem as palavras a partir do seu chacra card\u00edaco se juntar\u00e3o a milh\u00f5es de outros ao redor da Terra neste dia. Imaginem a Luz irradiada. Maravilhoso.<\/p>\n\n\n\n<p>A Grande Invoca\u00e7\u00e3o<\/p>\n\n\n\n<p>A Grande Invoca\u00e7\u00e3o \u00e9 uma ora\u00e7\u00e3o mundial n\u00e3o sect\u00e1ria, que visa fortalecer o contato com o plano divino e promover a evolu\u00e7\u00e3o espiritual e a unidade da humanidade. \u00c9 uma ora\u00e7\u00e3o espiritualista, n\u00e3o religiosa, que pode ser recitada por qualquer ser que entenda Cristo como um mestre do amor incondicional.<\/p>\n\n\n\n<p>Do ponto de Luz na mente de Deus<\/p>\n\n\n\n<p>Que flua a Luz \u00e0 mente dos homens<\/p>\n\n\n\n<p>Que a Luz des\u00e7a \u00e0 Terra!<\/p>\n\n\n\n<p>Do ponto de Amor no cora\u00e7\u00e3o de Deus.<\/p>\n\n\n\n<p>Que flua o Amor aos cora\u00e7\u00f5es dos homens<\/p>\n\n\n\n<p>Que Cristo retorne \u00e0 Terra!<\/p>\n\n\n\n<p>Do centro onde a Vontade de Deus \u00e9 conhecida,<\/p>\n\n\n\n<p>Que o Prop\u00f3sito guie a vontade dos homens,<\/p>\n\n\n\n<p>O Prop\u00f3sito que os Mestres conhecem e servem!<\/p>\n\n\n\n<p>Do centro a que chamamos a Ra\u00e7a dos Homens,<\/p>\n\n\n\n<p>Que se realize o Plano de Amor e Luz<\/p>\n\n\n\n<p>E feche a porta onde se encontra o mal!<\/p>\n\n\n\n<p>Que a Luz, o Amor e o Poder restabele\u00e7am<\/p>\n\n\n\n<p>O Plano Divino sobre a Terra,<\/p>\n\n\n\n<p>Hoje e por toda a eternidade!<\/p>\n\n\n\n<p>continua<\/p>\n","protected":false},"excerpt":{"rendered":"<p>Ensinamentos do Mestre Kuthumi Canalizados por Lynette Leckie-Clark DO GRANDE ENCONTRO DO ESP\u00cdRITO continua\u00e7\u00e3o Lembrem-se de que o Mestre Kuthumi disse: \u201cDominar o corpo emocional \u00e9 a maior conquista e o maior aprendizado da humanidade\u201d. Talvez eu fale mais sobre isso em outra ocasi\u00e3o. O Dia Mundial da Invoca\u00e7\u00e3o \u00e9 lembrado em 11 de Junho. [&hellip;]<\/p>\n","protected":false},"author":1,"featured_media":0,"comment_status":"open","ping_status":"open","sticky":false,"template":"","format":"standard","meta":{"_mi_skip_tracking":false},"categories":[3],"tags":[],"_links":{"self":[{"href":"https:\/\/www.miguelfaccio.com.br\/blog\/index.php\/wp-json\/wp\/v2\/posts\/19497"}],"collection":[{"href":"https:\/\/www.miguelfaccio.com.br\/blog\/index.php\/wp-json\/wp\/v2\/posts"}],"about":[{"href":"https:\/\/www.miguelfaccio.com.br\/blog\/index.php\/wp-json\/wp\/v2\/types\/post"}],"author":[{"embeddable":true,"href":"https:\/\/www.miguelfaccio.com.br\/blog\/index.php\/wp-json\/wp\/v2\/users\/1"}],"replies":[{"embeddable":true,"href":"https:\/\/www.miguelfaccio.com.br\/blog\/index.php\/wp-json\/wp\/v2\/comments?post=19497"}],"version-history":[{"count":1,"href":"https:\/\/www.miguelfaccio.com.br\/blog\/index.php\/wp-json\/wp\/v2\/posts\/19497\/revisions"}],"predecessor-version":[{"id":19498,"href":"https:\/\/www.miguelfaccio.com.br\/blog\/index.php\/wp-json\/wp\/v2\/posts\/19497\/revisions\/19498"}],"wp:attachment":[{"href":"https:\/\/www.miguelfaccio.com.br\/blog\/index.php\/wp-json\/wp\/v2\/media?parent=19497"}],"wp:term":[{"taxonomy":"category","embeddable":true,"href":"https:\/\/www.miguelfaccio.com.br\/blog\/index.php\/wp-json\/wp\/v2\/categories?post=19497"},{"taxonomy":"post_tag","embeddable":true,"href":"https:\/\/www.miguelfaccio.com.br\/blog\/index.php\/wp-json\/wp\/v2\/tags?post=19497"}],"curies":[{"name":"wp","href":"https:\/\/api.w.org\/{rel}","templated":true}]}}