{"id":19495,"date":"2025-06-16T10:08:23","date_gmt":"2025-06-16T13:08:23","guid":{"rendered":"https:\/\/www.miguelfaccio.com.br\/blog\/?p=19495"},"modified":"2025-06-16T10:08:31","modified_gmt":"2025-06-16T13:08:31","slug":"plv4130-livro-28-diario-07-01-2023","status":"publish","type":"post","link":"https:\/\/www.miguelfaccio.com.br\/blog\/index.php\/plv4130-livro-28-diario-07-01-2023\/","title":{"rendered":"PLV4130 \u2013 Livro 28 \u2013 Di\u00e1rio, 07\/01\/2023"},"content":{"rendered":"\n<p class=\"has-text-align-right\"><strong>07\/01\/2023<\/strong><\/p>\n\n\n\n<p>Os passos que dermos, apesar de que seja na mat\u00e9ria, precisa haver, tamb\u00e9m, no outro sentido. Normalmente nos esquecemos que n\u00e3o somos s\u00f3 mat\u00e9ria, esta \u00e9 apenas um auxiliar para que o esp\u00edrito possa evoluir. Este \u00e9 o caminho necess\u00e1rio a toda a ess\u00eancia Divina individualizada possa, atrav\u00e9s da experiencia\u00e7\u00e3o do conhecimento elevar-se, lentamente, mas progressivamente, em sua evolu\u00e7\u00e3o espiritual. Temos que ter consci\u00eancia de que Deus criou todos os seres, simples e ignorantes, que, no decorrer do tempo e atrav\u00e9s de sua escolha e empenho avan\u00e7ar em seu conhecimento, tal qual faz o ser humano atrav\u00e9s de sua atividade escolar. Assim como esse conhecimento escolar das ci\u00eancias dos homens, h\u00e1 o conhecimento que se baseia no conhecimento anterior, para adquirir novo conhecimento. A soma dos conhecimentos leva \u00e0 evolu\u00e7\u00e3o, isto \u00e9, a capacidade de intelectualiza\u00e7\u00e3o e compreens\u00e3o do universo, e, consequentemente, da pr\u00f3pria Divindade. Quando chegar a isso, o esp\u00edrito torna-se um mestre. Em todo o seu caminho evolutivo, passou pela primeira, segunda, terceira, quarta e na quinta dimens\u00e3o, j\u00e1 pode galgar \u00e0 mestria. J\u00e1 adquiriu o dom\u00ednio do universo, precipitando toda a satisfa\u00e7\u00e3o de suas necessidades, pois o universo tornou-se seu aliado.<\/p>\n","protected":false},"excerpt":{"rendered":"<p>07\/01\/2023 Os passos que dermos, apesar de que seja na mat\u00e9ria, precisa haver, tamb\u00e9m, no outro sentido. Normalmente nos esquecemos que n\u00e3o somos s\u00f3 mat\u00e9ria, esta \u00e9 apenas um auxiliar para que o esp\u00edrito possa evoluir. Este \u00e9 o caminho necess\u00e1rio a toda a ess\u00eancia Divina individualizada possa, atrav\u00e9s da experiencia\u00e7\u00e3o do conhecimento elevar-se, lentamente, [&hellip;]<\/p>\n","protected":false},"author":1,"featured_media":0,"comment_status":"open","ping_status":"open","sticky":false,"template":"","format":"standard","meta":{"_mi_skip_tracking":false},"categories":[34],"tags":[],"_links":{"self":[{"href":"https:\/\/www.miguelfaccio.com.br\/blog\/index.php\/wp-json\/wp\/v2\/posts\/19495"}],"collection":[{"href":"https:\/\/www.miguelfaccio.com.br\/blog\/index.php\/wp-json\/wp\/v2\/posts"}],"about":[{"href":"https:\/\/www.miguelfaccio.com.br\/blog\/index.php\/wp-json\/wp\/v2\/types\/post"}],"author":[{"embeddable":true,"href":"https:\/\/www.miguelfaccio.com.br\/blog\/index.php\/wp-json\/wp\/v2\/users\/1"}],"replies":[{"embeddable":true,"href":"https:\/\/www.miguelfaccio.com.br\/blog\/index.php\/wp-json\/wp\/v2\/comments?post=19495"}],"version-history":[{"count":1,"href":"https:\/\/www.miguelfaccio.com.br\/blog\/index.php\/wp-json\/wp\/v2\/posts\/19495\/revisions"}],"predecessor-version":[{"id":19496,"href":"https:\/\/www.miguelfaccio.com.br\/blog\/index.php\/wp-json\/wp\/v2\/posts\/19495\/revisions\/19496"}],"wp:attachment":[{"href":"https:\/\/www.miguelfaccio.com.br\/blog\/index.php\/wp-json\/wp\/v2\/media?parent=19495"}],"wp:term":[{"taxonomy":"category","embeddable":true,"href":"https:\/\/www.miguelfaccio.com.br\/blog\/index.php\/wp-json\/wp\/v2\/categories?post=19495"},{"taxonomy":"post_tag","embeddable":true,"href":"https:\/\/www.miguelfaccio.com.br\/blog\/index.php\/wp-json\/wp\/v2\/tags?post=19495"}],"curies":[{"name":"wp","href":"https:\/\/api.w.org\/{rel}","templated":true}]}}