{"id":19491,"date":"2025-06-15T09:34:58","date_gmt":"2025-06-15T12:34:58","guid":{"rendered":"https:\/\/www.miguelfaccio.com.br\/blog\/?p=19491"},"modified":"2025-06-15T09:35:00","modified_gmt":"2025-06-15T12:35:00","slug":"plv4129-livro-28-diario-06-01-2023","status":"publish","type":"post","link":"https:\/\/www.miguelfaccio.com.br\/blog\/index.php\/plv4129-livro-28-diario-06-01-2023\/","title":{"rendered":"PLV4129 \u2013 Livro 28 \u2013 Di\u00e1rio, 06\/01\/2023"},"content":{"rendered":"\n<p class=\"has-text-align-right\"><strong>06\/01\/2023<\/strong><\/p>\n\n\n\n<p>Tenho certeza que n\u00e3o ser\u00e1 o novo dil\u00favio que vir\u00e1 para separar os bodes das ovelhas, como diz Jesus. Que haver\u00e1, pr\u00f3xima, essa separa\u00e7\u00e3o n\u00e3o h\u00e1 d\u00favidas. Ela \u00e9 necess\u00e1ria para equalizar a energia do planeta com seus habitantes. A parte dos reinos inferiores j\u00e1 acompanham a pr\u00f3pria subida da Terra para a quinta dimens\u00e3o. Os seres humanos que s\u00e3o regidos pelo seu livre-arb\u00edtrio, e seu pensamento \u00e9 que cria seu universo, ter\u00e3o, que por pr\u00f3pria conta, escolha e vontade, enquadrar-se energeticamente no n\u00edvel evolutiva necess\u00e1rio para poderem, tamb\u00e9m, subir para a quinta dimens\u00e3o. O Cristo falou sobre a peneira que separar\u00e1 o joio do trigo, ela est\u00e1 a\u00ed, j\u00e1 em pleno funcionamento. Mas, sua efetiva participa\u00e7\u00e3o ser\u00e1 ap\u00f3s a morte do corpo, ali n\u00e3o haver\u00e1 s\u00f3 a separa\u00e7\u00e3o, mas quem n\u00e3o alcan\u00e7ar a evolu\u00e7\u00e3o m\u00ednima, ser\u00e1 levado a outro planeta vibrando ainda em terceira dimens\u00e3o. A Terra n\u00e3o levar\u00e1 ningu\u00e9m de arrasto, o ser humano \u00e9 que ter\u00e1 que chegar at\u00e9 l\u00e1, porque agora ela est\u00e1 vibrando na quinta dimens\u00e3o. Para haver uma melhor compreens\u00e3o da terceira e da quinta dimens\u00e3o, vamos fazer uma compara\u00e7\u00e3o, pode ser esdr\u00faxula, mas dar\u00e1 para entender a realidade: \u201cimagine a Terra em 3D como sendo d\u00f3 menor, e a Terra em 5D, como sendo d\u00f3 maior\u201d. A Terra em 3D j\u00e1 n\u00e3o existe mais, o ser humano ter\u00e1 que elevar sua energia n\u00e3o \u201cd\u00f3 menor\u201d para r\u00e9, mi, f\u00e1, sol, l\u00e1, si ent\u00e3o alcan\u00e7ar o \u201cd\u00f3 maior\u201d, a Terra em quinta dimens\u00e3o. \u00c9 mais ou menos isso.<\/p>\n","protected":false},"excerpt":{"rendered":"<p>06\/01\/2023 Tenho certeza que n\u00e3o ser\u00e1 o novo dil\u00favio que vir\u00e1 para separar os bodes das ovelhas, como diz Jesus. Que haver\u00e1, pr\u00f3xima, essa separa\u00e7\u00e3o n\u00e3o h\u00e1 d\u00favidas. Ela \u00e9 necess\u00e1ria para equalizar a energia do planeta com seus habitantes. A parte dos reinos inferiores j\u00e1 acompanham a pr\u00f3pria subida da Terra para a quinta [&hellip;]<\/p>\n","protected":false},"author":1,"featured_media":0,"comment_status":"open","ping_status":"open","sticky":false,"template":"","format":"standard","meta":{"_mi_skip_tracking":false},"categories":[34],"tags":[],"_links":{"self":[{"href":"https:\/\/www.miguelfaccio.com.br\/blog\/index.php\/wp-json\/wp\/v2\/posts\/19491"}],"collection":[{"href":"https:\/\/www.miguelfaccio.com.br\/blog\/index.php\/wp-json\/wp\/v2\/posts"}],"about":[{"href":"https:\/\/www.miguelfaccio.com.br\/blog\/index.php\/wp-json\/wp\/v2\/types\/post"}],"author":[{"embeddable":true,"href":"https:\/\/www.miguelfaccio.com.br\/blog\/index.php\/wp-json\/wp\/v2\/users\/1"}],"replies":[{"embeddable":true,"href":"https:\/\/www.miguelfaccio.com.br\/blog\/index.php\/wp-json\/wp\/v2\/comments?post=19491"}],"version-history":[{"count":1,"href":"https:\/\/www.miguelfaccio.com.br\/blog\/index.php\/wp-json\/wp\/v2\/posts\/19491\/revisions"}],"predecessor-version":[{"id":19492,"href":"https:\/\/www.miguelfaccio.com.br\/blog\/index.php\/wp-json\/wp\/v2\/posts\/19491\/revisions\/19492"}],"wp:attachment":[{"href":"https:\/\/www.miguelfaccio.com.br\/blog\/index.php\/wp-json\/wp\/v2\/media?parent=19491"}],"wp:term":[{"taxonomy":"category","embeddable":true,"href":"https:\/\/www.miguelfaccio.com.br\/blog\/index.php\/wp-json\/wp\/v2\/categories?post=19491"},{"taxonomy":"post_tag","embeddable":true,"href":"https:\/\/www.miguelfaccio.com.br\/blog\/index.php\/wp-json\/wp\/v2\/tags?post=19491"}],"curies":[{"name":"wp","href":"https:\/\/api.w.org\/{rel}","templated":true}]}}