{"id":19487,"date":"2025-06-14T10:11:09","date_gmt":"2025-06-14T13:11:09","guid":{"rendered":"https:\/\/www.miguelfaccio.com.br\/blog\/?p=19487"},"modified":"2025-06-14T10:11:13","modified_gmt":"2025-06-14T13:11:13","slug":"plv4128-livro-28-diario-05-01-2023","status":"publish","type":"post","link":"https:\/\/www.miguelfaccio.com.br\/blog\/index.php\/plv4128-livro-28-diario-05-01-2023\/","title":{"rendered":"PLV4128 \u2013 Livro 28 \u2013 Di\u00e1rio, 05\/01\/2023"},"content":{"rendered":"\n<p class=\"has-text-align-right\"><strong>05\/01\/2023<\/strong><\/p>\n\n\n\n<p>Estamos sentindo o movimento, o girar do universo. N\u00e3o podemos esquecer que tudo evolui. Nada permanece estacionado em seu ber\u00e7o eterno. Esse vaiv\u00e9m, essa respira\u00e7\u00e3o que o universo executa em seu criar e recriar est\u00e1 repercutindo de modo muito especial aqui no planeta Terra, incluindo nisso todo o nosso sistema solar. Nosso sol, h\u00e1 mais tempo, at\u00e9 d\u00e1 para dizer, estava preparando-se para essa metamorfose que estamos vivendo agora. Sempre soube que o sol era amarelo. Agora, seu nascente, especialmente, seu poente est\u00e1 apresentando colora\u00e7\u00f5es nunca dantes vistas. A energia tem cor, podem nossos olhos n\u00e3o perceber, porque temos uma das piores acuidades visuais dos seres existentes no planeta. Mas, n\u00e3o \u00e9, porque n\u00e3o se v\u00ea, que n\u00e3o existe. H\u00e1 algum tempo j\u00e1, ouvir uma not\u00edcia que uma mulher via colorido o pingar da \u00e1gua da chuva. Na realidade tudo \u00e9 luz. O \u00e1tomo \u00e9 feito de luz, e os \u00e1tomos formam todos os seres, de qualquer reino do universo. Entenda isso e ter\u00e1 entendido que n\u00f3s tamb\u00e9m somos luz. Luz \u00e9 energia. Energia \u00e9 a ess\u00eancia de Deus. Ent\u00e3o, a grosso modo, d\u00e1 para dizer, que todos veem constantemente Deus, porque veem a luz, veem a pr\u00f3pria mat\u00e9ria que tamb\u00e9m \u00e9 luz. Somente h\u00e1 uma diferencia\u00e7\u00e3o, a frequ\u00eancia e a intensidade com que essa luz se apresenta em cada ser.<\/p>\n","protected":false},"excerpt":{"rendered":"<p>05\/01\/2023 Estamos sentindo o movimento, o girar do universo. N\u00e3o podemos esquecer que tudo evolui. Nada permanece estacionado em seu ber\u00e7o eterno. Esse vaiv\u00e9m, essa respira\u00e7\u00e3o que o universo executa em seu criar e recriar est\u00e1 repercutindo de modo muito especial aqui no planeta Terra, incluindo nisso todo o nosso sistema solar. Nosso sol, h\u00e1 [&hellip;]<\/p>\n","protected":false},"author":1,"featured_media":0,"comment_status":"open","ping_status":"open","sticky":false,"template":"","format":"standard","meta":{"_mi_skip_tracking":false},"categories":[34],"tags":[],"_links":{"self":[{"href":"https:\/\/www.miguelfaccio.com.br\/blog\/index.php\/wp-json\/wp\/v2\/posts\/19487"}],"collection":[{"href":"https:\/\/www.miguelfaccio.com.br\/blog\/index.php\/wp-json\/wp\/v2\/posts"}],"about":[{"href":"https:\/\/www.miguelfaccio.com.br\/blog\/index.php\/wp-json\/wp\/v2\/types\/post"}],"author":[{"embeddable":true,"href":"https:\/\/www.miguelfaccio.com.br\/blog\/index.php\/wp-json\/wp\/v2\/users\/1"}],"replies":[{"embeddable":true,"href":"https:\/\/www.miguelfaccio.com.br\/blog\/index.php\/wp-json\/wp\/v2\/comments?post=19487"}],"version-history":[{"count":1,"href":"https:\/\/www.miguelfaccio.com.br\/blog\/index.php\/wp-json\/wp\/v2\/posts\/19487\/revisions"}],"predecessor-version":[{"id":19488,"href":"https:\/\/www.miguelfaccio.com.br\/blog\/index.php\/wp-json\/wp\/v2\/posts\/19487\/revisions\/19488"}],"wp:attachment":[{"href":"https:\/\/www.miguelfaccio.com.br\/blog\/index.php\/wp-json\/wp\/v2\/media?parent=19487"}],"wp:term":[{"taxonomy":"category","embeddable":true,"href":"https:\/\/www.miguelfaccio.com.br\/blog\/index.php\/wp-json\/wp\/v2\/categories?post=19487"},{"taxonomy":"post_tag","embeddable":true,"href":"https:\/\/www.miguelfaccio.com.br\/blog\/index.php\/wp-json\/wp\/v2\/tags?post=19487"}],"curies":[{"name":"wp","href":"https:\/\/api.w.org\/{rel}","templated":true}]}}