{"id":19483,"date":"2025-06-13T08:53:08","date_gmt":"2025-06-13T11:53:08","guid":{"rendered":"https:\/\/www.miguelfaccio.com.br\/blog\/?p=19483"},"modified":"2025-06-13T08:53:10","modified_gmt":"2025-06-13T11:53:10","slug":"plv4127-livro-28-diario-04-01-2023","status":"publish","type":"post","link":"https:\/\/www.miguelfaccio.com.br\/blog\/index.php\/plv4127-livro-28-diario-04-01-2023\/","title":{"rendered":"PLV4127 \u2013 Livro 28 \u2013 Di\u00e1rio, 04\/01\/2023"},"content":{"rendered":"\n<p class=\"has-text-align-right\"><strong>04\/01\/2023<\/strong><\/p>\n\n\n\n<p>Os princ\u00edpios que regem o livre caminhar do esp\u00edrito, s\u00e3o, a isen\u00e7\u00e3o do medo, a pureza de cora\u00e7\u00e3o e mente e a cont\u00ednua busca do conhecimento. O medo, por si s\u00f3, nos enclausura dentro de nossa pr\u00f3pria individualidade. Evita que a ess\u00eancia volite pelos c\u00e9us na busca de seu \u00fanico, por ora, objetivo de vida. O medo nos torna presas do pr\u00f3prio medo, e, geralmente, bloqueia o progresso. A pureza do cora\u00e7\u00e3o \u00e9 t\u00e3o importante que o pr\u00f3prio Cristo tomou como aqueles que herdar\u00e3o os c\u00e9us. Este \u00e9 um quesito que precisa ser muito bem cuidado pelo consciente do corpo. A pureza do cora\u00e7\u00e3o exala para todas as atividades do corpo e expressa-se, especialmente, no livre pensar e agir como se estivesse realizando essas atividades, exclusivamente para si. Muitas vezes a humanidade toma a simplicidade, a pureza da mente, como ignor\u00e2ncia ou como infantilidade. Nunca se sobrep\u00f5e a ningu\u00e9m porque sabe quem realmente \u00e9, e seu objetivo n\u00e3o \u00e9 estar acima de ningu\u00e9m, mas manter sempre seu caminho evolutivo dentro de um regime de supera\u00e7\u00e3o e n\u00e3o de resgate. \u00c9 exatamente assim que ter\u00e1 condi\u00e7\u00f5es de avolumar seus conhecimentos e experiencia\u00e7\u00f5es em suas atividades vinculadas a um corpo f\u00edsico, que o auxilia enormemente a completar com \u00eaxito sua descida \u00e0 mat\u00e9ria para avan\u00e7ar lentamente na trilha evolutiva. Assim completa seu projeto reencarnat\u00f3rio e ao voltar ao andar de cima, o faz, muito mais leve do que quando para c\u00e1 veio.<\/p>\n","protected":false},"excerpt":{"rendered":"<p>04\/01\/2023 Os princ\u00edpios que regem o livre caminhar do esp\u00edrito, s\u00e3o, a isen\u00e7\u00e3o do medo, a pureza de cora\u00e7\u00e3o e mente e a cont\u00ednua busca do conhecimento. O medo, por si s\u00f3, nos enclausura dentro de nossa pr\u00f3pria individualidade. Evita que a ess\u00eancia volite pelos c\u00e9us na busca de seu \u00fanico, por ora, objetivo de [&hellip;]<\/p>\n","protected":false},"author":1,"featured_media":0,"comment_status":"open","ping_status":"open","sticky":false,"template":"","format":"standard","meta":{"_mi_skip_tracking":false},"categories":[34],"tags":[],"_links":{"self":[{"href":"https:\/\/www.miguelfaccio.com.br\/blog\/index.php\/wp-json\/wp\/v2\/posts\/19483"}],"collection":[{"href":"https:\/\/www.miguelfaccio.com.br\/blog\/index.php\/wp-json\/wp\/v2\/posts"}],"about":[{"href":"https:\/\/www.miguelfaccio.com.br\/blog\/index.php\/wp-json\/wp\/v2\/types\/post"}],"author":[{"embeddable":true,"href":"https:\/\/www.miguelfaccio.com.br\/blog\/index.php\/wp-json\/wp\/v2\/users\/1"}],"replies":[{"embeddable":true,"href":"https:\/\/www.miguelfaccio.com.br\/blog\/index.php\/wp-json\/wp\/v2\/comments?post=19483"}],"version-history":[{"count":1,"href":"https:\/\/www.miguelfaccio.com.br\/blog\/index.php\/wp-json\/wp\/v2\/posts\/19483\/revisions"}],"predecessor-version":[{"id":19484,"href":"https:\/\/www.miguelfaccio.com.br\/blog\/index.php\/wp-json\/wp\/v2\/posts\/19483\/revisions\/19484"}],"wp:attachment":[{"href":"https:\/\/www.miguelfaccio.com.br\/blog\/index.php\/wp-json\/wp\/v2\/media?parent=19483"}],"wp:term":[{"taxonomy":"category","embeddable":true,"href":"https:\/\/www.miguelfaccio.com.br\/blog\/index.php\/wp-json\/wp\/v2\/categories?post=19483"},{"taxonomy":"post_tag","embeddable":true,"href":"https:\/\/www.miguelfaccio.com.br\/blog\/index.php\/wp-json\/wp\/v2\/tags?post=19483"}],"curies":[{"name":"wp","href":"https:\/\/api.w.org\/{rel}","templated":true}]}}