{"id":19481,"date":"2025-06-12T09:51:06","date_gmt":"2025-06-12T12:51:06","guid":{"rendered":"https:\/\/www.miguelfaccio.com.br\/blog\/?p=19481"},"modified":"2025-06-12T09:51:08","modified_gmt":"2025-06-12T12:51:08","slug":"rcd4074-raios-ou-chamas","status":"publish","type":"post","link":"https:\/\/www.miguelfaccio.com.br\/blog\/index.php\/rcd4074-raios-ou-chamas\/","title":{"rendered":"RCD4074 Raios ou Chamas"},"content":{"rendered":"\n<p class=\"has-text-align-right\"><strong>Mensagem do Universo <br>Atrav\u00e9s de Brenda Hoffman<\/strong><\/p>\n\n\n\n<p>VOC\u00ca \u00c9 O DIRETOR<\/p>\n\n\n\n<p>09 de junho de 2025<\/p>\n\n\n\n<p>Queridos,<\/p>\n\n\n\n<p>Talvez voc\u00ea continue fazendo o que sempre fez em termos de tarefas di\u00e1rias, ou talvez tenha adaptado essas tarefas de maneiras \u00fanicas. Mesmo que voc\u00ea n\u00e3o se sinta t\u00e3o diferente, sua abordagem \u00e0 vida certamente \u00e9.<\/p>\n\n\n\n<p>O que antes era aceit\u00e1vel ou esperado n\u00e3o \u00e9 mais, incluindo suas intera\u00e7\u00f5es com os outros. Voc\u00ea se tornou mais seletivo em sua abordagem.<\/p>\n\n\n\n<p>Voc\u00ea n\u00e3o espera mais fazer isso ou aquilo sem pensar, nem ajuda os outros como antes. Voc\u00ea se tornou mais independente sem alarde. Simplesmente \u00e9.<\/p>\n\n\n\n<p>Voc\u00ea est\u00e1 mais focado no seu caminho e menos preocupado com as preocupa\u00e7\u00f5es dos outros. N\u00e3o porque voc\u00ea n\u00e3o seja mais gentil ou se sinta inferior aos outros, mas porque agora aplica uma r\u00e1pida avalia\u00e7\u00e3o interna do que precisa fazer e quando precisa fazer.<\/p>\n\n\n\n<p>Mesmo assim, outros continuam a precisar ou exigir sua aten\u00e7\u00e3o e seus servi\u00e7os. A diferen\u00e7a \u00e9 que voc\u00ea n\u00e3o \u00e9 mais t\u00e3o obediente, por assim dizer, para fornec\u00ea-los. Voc\u00ea se tornou mais seletivo.<\/p>\n\n\n\n<p>Na 3D, essas mesmas demandas eram recebidas com culpa ou raiva, enquanto voc\u00ea tentava viver sua vida e cuidar dos outros, apesar da capacidade deles de realizar muitas ou todas as tarefas que lhe pediam.<\/p>\n\n\n\n<p>Eles puxavam suas cordas do cora\u00e7\u00e3o, sua culpa e seus deveres para encoraj\u00e1-lo a prestar os servi\u00e7os que voc\u00ea prestava a contragosto, apesar de ter que faz\u00ea-lo de maneiras que afetavam sua sa\u00fade emocional e, talvez, f\u00edsica.<\/p>\n\n\n\n<p>Agora voc\u00ea est\u00e1 avaliando as necessidades dos outros em compara\u00e7\u00e3o com as suas.<\/p>\n\n\n\n<p>Este \u00e9 um momento exaustivo de tremendo crescimento interior. Voc\u00ea n\u00e3o tem energia para atender \u00e0s necessidades daqueles que clamam por seus servi\u00e7os e aten\u00e7\u00e3o, apesar da capacidade deles de realizar muitas das tarefas que exigem de voc\u00ea.<\/p>\n\n\n\n<p>Ent\u00e3o voc\u00ea se sente culpado e com raiva. \u201cN\u00e3o tenho tempo para mim, e parece que eles ficam sentados esperando meus servi\u00e7os e ficam com raiva quando eu n\u00e3o os ofere\u00e7o ou n\u00e3o consigo.\u201d<\/p>\n\n\n\n<p>Este \u00e9 um momento de separa\u00e7\u00e3o. N\u00e3o daqueles que voc\u00ea ama, mas dos servi\u00e7os externos que voc\u00ea presta, colocando em risco sua sa\u00fade mental ou f\u00edsica.<\/p>\n\n\n\n<p>Voc\u00ea est\u00e1 examinando a si mesmo e os servi\u00e7os que automaticamente concedeu na 3D. Muito provavelmente, voc\u00ea \u00e9 um cuidador nato e tem sido assim h\u00e1 eras.<\/p>\n\n\n\n<p>Aqueles que estiveram com voc\u00ea ao longo de eras de vidas na 3D esperam plenamente que voc\u00ea retorne ao seu modo de cuidador sempre que solicitarem seus servi\u00e7os.<\/p>\n\n\n\n<p>Como isso aconteceu em muitos dos pap\u00e9is que voc\u00ea desempenhou com eles antes da sua transi\u00e7\u00e3o, eles n\u00e3o entendem o seu novo ser, assim como voc\u00ea n\u00e3o sabe por que n\u00e3o deseja mais desempenhar o papel de cuidador que assumiu por tantas vidas com os mesmos seres.<\/p>\n\n\n\n<p>Seres em transi\u00e7\u00e3o estar\u00e3o mais dispostos a libert\u00e1-lo do que aqueles que n\u00e3o est\u00e3o. Mesmo assim, \u00e9 prov\u00e1vel que aqueles em transi\u00e7\u00e3o caiam no modo \u201cme ajude\u201d.<\/p>\n\n\n\n<p>continua<\/p>\n","protected":false},"excerpt":{"rendered":"<p>Mensagem do Universo Atrav\u00e9s de Brenda Hoffman VOC\u00ca \u00c9 O DIRETOR 09 de junho de 2025 Queridos, Talvez voc\u00ea continue fazendo o que sempre fez em termos de tarefas di\u00e1rias, ou talvez tenha adaptado essas tarefas de maneiras \u00fanicas. Mesmo que voc\u00ea n\u00e3o se sinta t\u00e3o diferente, sua abordagem \u00e0 vida certamente \u00e9. O que [&hellip;]<\/p>\n","protected":false},"author":1,"featured_media":0,"comment_status":"open","ping_status":"open","sticky":false,"template":"","format":"standard","meta":{"_mi_skip_tracking":false},"categories":[3],"tags":[],"_links":{"self":[{"href":"https:\/\/www.miguelfaccio.com.br\/blog\/index.php\/wp-json\/wp\/v2\/posts\/19481"}],"collection":[{"href":"https:\/\/www.miguelfaccio.com.br\/blog\/index.php\/wp-json\/wp\/v2\/posts"}],"about":[{"href":"https:\/\/www.miguelfaccio.com.br\/blog\/index.php\/wp-json\/wp\/v2\/types\/post"}],"author":[{"embeddable":true,"href":"https:\/\/www.miguelfaccio.com.br\/blog\/index.php\/wp-json\/wp\/v2\/users\/1"}],"replies":[{"embeddable":true,"href":"https:\/\/www.miguelfaccio.com.br\/blog\/index.php\/wp-json\/wp\/v2\/comments?post=19481"}],"version-history":[{"count":1,"href":"https:\/\/www.miguelfaccio.com.br\/blog\/index.php\/wp-json\/wp\/v2\/posts\/19481\/revisions"}],"predecessor-version":[{"id":19482,"href":"https:\/\/www.miguelfaccio.com.br\/blog\/index.php\/wp-json\/wp\/v2\/posts\/19481\/revisions\/19482"}],"wp:attachment":[{"href":"https:\/\/www.miguelfaccio.com.br\/blog\/index.php\/wp-json\/wp\/v2\/media?parent=19481"}],"wp:term":[{"taxonomy":"category","embeddable":true,"href":"https:\/\/www.miguelfaccio.com.br\/blog\/index.php\/wp-json\/wp\/v2\/categories?post=19481"},{"taxonomy":"post_tag","embeddable":true,"href":"https:\/\/www.miguelfaccio.com.br\/blog\/index.php\/wp-json\/wp\/v2\/tags?post=19481"}],"curies":[{"name":"wp","href":"https:\/\/api.w.org\/{rel}","templated":true}]}}