{"id":19479,"date":"2025-06-12T09:48:51","date_gmt":"2025-06-12T12:48:51","guid":{"rendered":"https:\/\/www.miguelfaccio.com.br\/blog\/?p=19479"},"modified":"2025-06-12T09:48:52","modified_gmt":"2025-06-12T12:48:52","slug":"plv4126-livro-28-diario-03-01-2023","status":"publish","type":"post","link":"https:\/\/www.miguelfaccio.com.br\/blog\/index.php\/plv4126-livro-28-diario-03-01-2023\/","title":{"rendered":"PLV4126 \u2013 Livro 28 \u2013 Di\u00e1rio, 03\/01\/2023"},"content":{"rendered":"\n<p class=\"has-text-align-right\"><strong>03\/01\/2023<\/strong><\/p>\n\n\n\n<p>Precisamos no cientificar de nossa real situa\u00e7\u00e3o aqui no planeta Terra. Somos estagi\u00e1rios que precisam completar um determinado n\u00edvel evolutivo. Isso vai determinar nossa continua\u00e7\u00e3o aqui, neste planeta elevado \u00e0 quinta dimens\u00e3o. Esse determinado n\u00edvel evolutivo \u00e9 uma condi\u00e7\u00e3o \u201csine qua non\u201d de podermos continuar nessa nova Terra, elevada \u00e0 quinta dimens\u00e3o. Esta n\u00e3o \u00e9 somente uma condi\u00e7\u00e3o para os terr\u00e1queos, mas de todo o ser, por menor ou maior que seja, existente no universo. Nosso consciente, por ora, n\u00e3o consegue entender essa linha evolutiva estabelecida pelo criador para que nada permane\u00e7a \u201cad in eternum\u201d estacionada no ninho onde fora criado. Tudo, no universo, se encaminha \u00e0 evolu\u00e7\u00e3o, que por mais ou menos tempo, consegue avan\u00e7ar, passo a passo at\u00e9 alcan\u00e7ar a condi\u00e7\u00e3o de elevar-se \u00e0 uma oitava superior de evolu\u00e7\u00e3o. No universo nada cria saltos. Todos t\u00eam impresso em seu DNA o impulso que condiciona \u00e0 evolu\u00e7\u00e3o, sem que tenha um tempo determinado para isso. Esse impulso \u00e9 constante e uma hora ou outra, em uma encarna\u00e7\u00e3o ou outra, ter\u00e1 que ceder porque \u00e9 irresist\u00edvel. O ser humano poder\u00e1, pelo seu livre-arb\u00edtrio resistir, mas chegar\u00e1 o tempo, n\u00e3o o tempo f\u00edsico, mas o tempo do universo que o obriga, de uma forma ou outra, a ceder a esse impulso de certa forma irresist\u00edvel. A evolu\u00e7\u00e3o j\u00e1 elevou a Terra para a quinta dimens\u00e3o. N\u00f3s, querendo e tendo condi\u00e7\u00f5es, a acompanharemos, caso contr\u00e1rio, h\u00e1 muitos planetas novos precisando de trabalhadores.<\/p>\n","protected":false},"excerpt":{"rendered":"<p>03\/01\/2023 Precisamos no cientificar de nossa real situa\u00e7\u00e3o aqui no planeta Terra. Somos estagi\u00e1rios que precisam completar um determinado n\u00edvel evolutivo. Isso vai determinar nossa continua\u00e7\u00e3o aqui, neste planeta elevado \u00e0 quinta dimens\u00e3o. Esse determinado n\u00edvel evolutivo \u00e9 uma condi\u00e7\u00e3o \u201csine qua non\u201d de podermos continuar nessa nova Terra, elevada \u00e0 quinta dimens\u00e3o. Esta n\u00e3o [&hellip;]<\/p>\n","protected":false},"author":1,"featured_media":0,"comment_status":"open","ping_status":"open","sticky":false,"template":"","format":"standard","meta":{"_mi_skip_tracking":false},"categories":[34],"tags":[],"_links":{"self":[{"href":"https:\/\/www.miguelfaccio.com.br\/blog\/index.php\/wp-json\/wp\/v2\/posts\/19479"}],"collection":[{"href":"https:\/\/www.miguelfaccio.com.br\/blog\/index.php\/wp-json\/wp\/v2\/posts"}],"about":[{"href":"https:\/\/www.miguelfaccio.com.br\/blog\/index.php\/wp-json\/wp\/v2\/types\/post"}],"author":[{"embeddable":true,"href":"https:\/\/www.miguelfaccio.com.br\/blog\/index.php\/wp-json\/wp\/v2\/users\/1"}],"replies":[{"embeddable":true,"href":"https:\/\/www.miguelfaccio.com.br\/blog\/index.php\/wp-json\/wp\/v2\/comments?post=19479"}],"version-history":[{"count":1,"href":"https:\/\/www.miguelfaccio.com.br\/blog\/index.php\/wp-json\/wp\/v2\/posts\/19479\/revisions"}],"predecessor-version":[{"id":19480,"href":"https:\/\/www.miguelfaccio.com.br\/blog\/index.php\/wp-json\/wp\/v2\/posts\/19479\/revisions\/19480"}],"wp:attachment":[{"href":"https:\/\/www.miguelfaccio.com.br\/blog\/index.php\/wp-json\/wp\/v2\/media?parent=19479"}],"wp:term":[{"taxonomy":"category","embeddable":true,"href":"https:\/\/www.miguelfaccio.com.br\/blog\/index.php\/wp-json\/wp\/v2\/categories?post=19479"},{"taxonomy":"post_tag","embeddable":true,"href":"https:\/\/www.miguelfaccio.com.br\/blog\/index.php\/wp-json\/wp\/v2\/tags?post=19479"}],"curies":[{"name":"wp","href":"https:\/\/api.w.org\/{rel}","templated":true}]}}