{"id":19476,"date":"2025-06-11T09:37:39","date_gmt":"2025-06-11T12:37:39","guid":{"rendered":"https:\/\/www.miguelfaccio.com.br\/blog\/?p=19476"},"modified":"2025-06-11T09:37:54","modified_gmt":"2025-06-11T12:37:54","slug":"rcd4073-raios-ou-chamas","status":"publish","type":"post","link":"https:\/\/www.miguelfaccio.com.br\/blog\/index.php\/rcd4073-raios-ou-chamas\/","title":{"rendered":"RCD4073 Raios ou Chamas"},"content":{"rendered":"\n<p class=\"has-text-align-right\"><strong>O Conselho Arcturiano da 9D <br>Atrav\u00e9s de Daniel Scranton<\/strong><\/p>\n\n\n\n<p>POR QUE AS NAVES AINDA N\u00c3O POUSARAM<\/p>\n\n\n\n<p>09 de junho de 2025<\/p>\n\n\n\n<p>Sauda\u00e7\u00f5es.<\/p>\n\n\n\n<p>N\u00f3s Somos O Conselho Arcturiano.<\/p>\n\n\n\n<p>\u00c9 um prazer conectar-nos com todos voc\u00eas.<\/p>\n\n\n\n<p>Estamos cientes de como muitas de suas jornadas se tornaram um pouco mais dif\u00edceis neste ano de 2025. Queremos que todos saibam que est\u00e3o escolhendo assumir mais responsabilidades neste momento porque desejam limpar o m\u00e1ximo poss\u00edvel de seus chacras, campos energ\u00e9ticos e mentes.<\/p>\n\n\n\n<p>Voc\u00eas est\u00e3o se preparando para energias de frequ\u00eancia mais alta e, para lidar com essas energias de frequ\u00eancia mais alta, precisam fazer a faxina.<\/p>\n\n\n\n<p>Voc\u00ea precisa se desapegar daquilo que \u00e9 de natureza vibracional inferior, e encarar isso pode ser uma experi\u00eancia bastante angustiante, bastante dolorosa, tanto f\u00edsica quanto emocionalmente, e pode, \u00e0s vezes, lev\u00e1-lo ao desespero.<\/p>\n\n\n\n<p>\u00c9 nesses momentos que voc\u00ea precisa se lembrar de quanto assumiu ao encarnar na Terra neste momento de grande despertar e ascens\u00e3o, e tamb\u00e9m deve se lembrar de que tudo est\u00e1 servindo a voc\u00ea de alguma forma.<\/p>\n\n\n\n<p>Tudo o que voc\u00ea vivencia est\u00e1 servindo a um prop\u00f3sito maior para voc\u00ea. E, neste momento, o prop\u00f3sito est\u00e1 levando voc\u00ea em dire\u00e7\u00e3o aos tipos de experi\u00eancias de contato extraterrestre que voc\u00ea deseja ter.<\/p>\n\n\n\n<p>Voc\u00ea precisa ter uma vibra\u00e7\u00e3o mais elevada para lidar com o que enfrentar\u00e1 quando enfrentar um evento f\u00edsico. \u00c9 por isso que as naves ainda n\u00e3o aterrissaram, mas est\u00e3o chegando, e voc\u00ea estar\u00e1 preparado porque est\u00e1 se preparando.<\/p>\n\n\n\n<p>\u00c9 claro que, no n\u00edvel f\u00edsico, humano e egoico, voc\u00ea n\u00e3o est\u00e1 escolhendo assumir tanta responsabilidade neste momento, mas est\u00e1 assumindo tudo mesmo assim. Voc\u00ea est\u00e1 fazendo essas escolhas a partir de um n\u00edvel mais elevado de sua consci\u00eancia, o que voc\u00ea poderia chamar de sua alma ou seu eu superior.<\/p>\n\n\n\n<p>Aceita\u00e7\u00e3o \u00e9 a chave.<\/p>\n\n\n\n<p>Seja l\u00e1 o que for que surja em seu caminho, voc\u00ea pode aceitar e sempre se perguntar: \u201cComo devo crescer a partir disso?\u201d \u201cO \u200b\u200bque tudo isso aponta dentro de mim?\u201d \u201cO \u200b\u200bque posso deixar ir?\u201d<\/p>\n\n\n\n<p>Fa\u00e7am essas perguntas a si mesmos e obter\u00e3o algumas respostas, e as obter\u00e3o porque est\u00e3o despertos. Voc\u00eas, que comp\u00f5em o Coletivo Desperto, est\u00e3o mais conscientes. Voc\u00eas t\u00eam mais percep\u00e7\u00e3o. Voc\u00eas se interiorizam com mais frequ\u00eancia e obt\u00eam as respostas para essas perguntas.<\/p>\n\n\n\n<p>Estamos oferecendo isso a voc\u00eas agora porque queremos que se fa\u00e7am essas perguntas antes de chegarem ao ponto de se ajoelharem implorando por ajuda. A ajuda est\u00e1 sempre a\u00ed e sempre chegando, mas voc\u00eas tamb\u00e9m precisam se ajudar.<\/p>\n\n\n\n<p>Voc\u00eas precisam se esfor\u00e7ar para vasculhar seu interior e descobrir o que n\u00e3o est\u00e1 funcionando para voc\u00eas, o que voc\u00eas est\u00e3o resistindo, o que voc\u00eas est\u00e3o julgando ou o que voc\u00eas est\u00e3o temendo, para que possam superar essas experi\u00eancias de vibra\u00e7\u00e3o mais baixa e se preparar para as experi\u00eancias de contato aberto que voc\u00eas v\u00eam buscando h\u00e1 tanto tempo.<\/p>\n\n\n\n<p>Estaremos sempre aqui para voc\u00eas, assim como os mestres ascensionados, os arcanjos, seus guias e todos os outros que estiverem interessados \u200b\u200bem ajudar voc\u00eas pessoalmente e a humanidade como um todo.<\/p>\n\n\n\n<p>~ N\u00f3s Somos O Conselho Arcturiano e foi um prazer nos conectar com voc\u00eas<\/p>\n\n\n\n<p>Formata\u00e7\u00e3o e Tradu\u00e7\u00e3o \u2013 BLOG DE CORA\u00c7\u00c3O A CORA\u00c7\u00c3O<\/p>\n\n\n\n<figure class=\"wp-block-embed\"><div class=\"wp-block-embed__wrapper\">\nhttps:\/\/www.decoracaoacoracao.blog.br\n<\/div><\/figure>\n\n\n\n<figure class=\"wp-block-embed\"><div class=\"wp-block-embed__wrapper\">\nhttp:\/\/stelalecocq.blogspot.com\n<\/div><\/figure>\n\n\n\n<figure class=\"wp-block-embed\"><div class=\"wp-block-embed__wrapper\">\nhttps:\/\/lecocq.wordpress.com\n<\/div><\/figure>\n\n\n\n<p>Instagram \u2013 @blogdecoracaoacoracao<\/p>\n\n\n\n<p>Informa\u00e7\u00f5es e Agendamentos para Mesa Qu\u00e2ntica Estelar, Mesa Pet, Mesa Qu\u00e2ntica 2.0, Florais de Bach, Sistema Regenerador Ashtariano, Sistema Arcturiano de Cura Multidimensional \u2013 lecocqmuller@gmail.com<\/p>\n\n\n\n<p>E-book Mensagem dos Mestres \u2013 De Cora\u00e7\u00e3o a Cora\u00e7\u00e3o\u201d \u2013 https:\/\/mensagensdosmestres.blogspot.com\/<\/p>\n\n\n\n<figure class=\"wp-block-embed\"><div class=\"wp-block-embed__wrapper\">\nhttps:\/\/danielscranton.com\/\n<\/div><\/figure>\n\n\n\n<p>Respeite os cr\u00e9ditos<\/p>\n\n\n\n<p>LUZ!<\/p>\n\n\n\n<p>STELA<\/p>\n","protected":false},"excerpt":{"rendered":"<p>O Conselho Arcturiano da 9D Atrav\u00e9s de Daniel Scranton POR QUE AS NAVES AINDA N\u00c3O POUSARAM 09 de junho de 2025 Sauda\u00e7\u00f5es. N\u00f3s Somos O Conselho Arcturiano. \u00c9 um prazer conectar-nos com todos voc\u00eas. Estamos cientes de como muitas de suas jornadas se tornaram um pouco mais dif\u00edceis neste ano de 2025. Queremos que todos [&hellip;]<\/p>\n","protected":false},"author":1,"featured_media":0,"comment_status":"open","ping_status":"open","sticky":false,"template":"","format":"standard","meta":{"_mi_skip_tracking":false},"categories":[3],"tags":[],"_links":{"self":[{"href":"https:\/\/www.miguelfaccio.com.br\/blog\/index.php\/wp-json\/wp\/v2\/posts\/19476"}],"collection":[{"href":"https:\/\/www.miguelfaccio.com.br\/blog\/index.php\/wp-json\/wp\/v2\/posts"}],"about":[{"href":"https:\/\/www.miguelfaccio.com.br\/blog\/index.php\/wp-json\/wp\/v2\/types\/post"}],"author":[{"embeddable":true,"href":"https:\/\/www.miguelfaccio.com.br\/blog\/index.php\/wp-json\/wp\/v2\/users\/1"}],"replies":[{"embeddable":true,"href":"https:\/\/www.miguelfaccio.com.br\/blog\/index.php\/wp-json\/wp\/v2\/comments?post=19476"}],"version-history":[{"count":1,"href":"https:\/\/www.miguelfaccio.com.br\/blog\/index.php\/wp-json\/wp\/v2\/posts\/19476\/revisions"}],"predecessor-version":[{"id":19477,"href":"https:\/\/www.miguelfaccio.com.br\/blog\/index.php\/wp-json\/wp\/v2\/posts\/19476\/revisions\/19477"}],"wp:attachment":[{"href":"https:\/\/www.miguelfaccio.com.br\/blog\/index.php\/wp-json\/wp\/v2\/media?parent=19476"}],"wp:term":[{"taxonomy":"category","embeddable":true,"href":"https:\/\/www.miguelfaccio.com.br\/blog\/index.php\/wp-json\/wp\/v2\/categories?post=19476"},{"taxonomy":"post_tag","embeddable":true,"href":"https:\/\/www.miguelfaccio.com.br\/blog\/index.php\/wp-json\/wp\/v2\/tags?post=19476"}],"curies":[{"name":"wp","href":"https:\/\/api.w.org\/{rel}","templated":true}]}}