{"id":19473,"date":"2025-06-11T09:34:44","date_gmt":"2025-06-11T12:34:44","guid":{"rendered":"https:\/\/www.miguelfaccio.com.br\/blog\/?p=19473"},"modified":"2025-06-11T09:34:46","modified_gmt":"2025-06-11T12:34:46","slug":"plv4125-livro-28-diario-02-01-2023","status":"publish","type":"post","link":"https:\/\/www.miguelfaccio.com.br\/blog\/index.php\/plv4125-livro-28-diario-02-01-2023\/","title":{"rendered":"PLV4125 \u2013 Livro 28 \u2013 Di\u00e1rio, 02\/01\/2023"},"content":{"rendered":"\n<p class=\"has-text-align-right\"><strong>02\/01\/2023<\/strong><\/p>\n\n\n\n<p>Passamos um longo tempo nos preocupando com as coisas da pol\u00edtica brasileira. Agora est\u00e1, novamente, na hora de voltar nossa aten\u00e7\u00e3o para aquilo que diz respeito \u00e0 nossa individualidade. \u00c9 certo que, como imersos no mundo, mas sem ser do mundo, entendimento que escapa a grande maioria dos humanos. N\u00e3o somos do mundo, mas temos uma parceria com o mundo, na constitui\u00e7\u00e3o de nossa dualidade, mat\u00e9ria\/esp\u00edrito. Temos apenas parcela de conviv\u00eancia com a mat\u00e9ria, mas n\u00e3o com as coisas, as atra\u00e7\u00f5es, os desvios de conduta, a irracionalidade com que trata a outra parte do bin\u00f4mio. Apesar de que vivamos dentro deste caldeir\u00e3o, constantemente a ferver, mas isso n\u00e3o pode afetar nossa ess\u00eancia, a outra parcela da dualidade. A nossa ess\u00eancia precisa da mat\u00e9ria, do corpo f\u00edsico para ali poder experienciar os conhecimentos e assim, lentamente evoluir. A evolu\u00e7\u00e3o da ess\u00eancia, do esp\u00edrito, precisa de um longo per\u00edodo de tempo para conseguir alcan\u00e7ar a mestria. Daqui para frente, o que foi feito est\u00e1 feito, nada podemos mudar, mas podemos usar as experi\u00eancias anteriores para que nos sirva de apoio aos p\u00e9s, para subir mais um pouco na nossa evolu\u00e7\u00e3o. Especialmente agora que j\u00e1 n\u00e3o estamos mais na terceira dimens\u00e3o, esta, energeticamente, n\u00e3o existe mais. O que nos comanda, sem atropelar, agora, \u00e9 a quinta dimens\u00e3o. Todo esse passado, com todas suas artimanhas, descontextos, desaven\u00e7as com a vida, ser\u00e1 passado pela peneira do Cristo, e logo ter\u00e1 o fim que merece.<\/p>\n","protected":false},"excerpt":{"rendered":"<p>02\/01\/2023 Passamos um longo tempo nos preocupando com as coisas da pol\u00edtica brasileira. Agora est\u00e1, novamente, na hora de voltar nossa aten\u00e7\u00e3o para aquilo que diz respeito \u00e0 nossa individualidade. \u00c9 certo que, como imersos no mundo, mas sem ser do mundo, entendimento que escapa a grande maioria dos humanos. N\u00e3o somos do mundo, mas [&hellip;]<\/p>\n","protected":false},"author":1,"featured_media":0,"comment_status":"open","ping_status":"open","sticky":false,"template":"","format":"standard","meta":{"_mi_skip_tracking":false},"categories":[34],"tags":[],"_links":{"self":[{"href":"https:\/\/www.miguelfaccio.com.br\/blog\/index.php\/wp-json\/wp\/v2\/posts\/19473"}],"collection":[{"href":"https:\/\/www.miguelfaccio.com.br\/blog\/index.php\/wp-json\/wp\/v2\/posts"}],"about":[{"href":"https:\/\/www.miguelfaccio.com.br\/blog\/index.php\/wp-json\/wp\/v2\/types\/post"}],"author":[{"embeddable":true,"href":"https:\/\/www.miguelfaccio.com.br\/blog\/index.php\/wp-json\/wp\/v2\/users\/1"}],"replies":[{"embeddable":true,"href":"https:\/\/www.miguelfaccio.com.br\/blog\/index.php\/wp-json\/wp\/v2\/comments?post=19473"}],"version-history":[{"count":1,"href":"https:\/\/www.miguelfaccio.com.br\/blog\/index.php\/wp-json\/wp\/v2\/posts\/19473\/revisions"}],"predecessor-version":[{"id":19474,"href":"https:\/\/www.miguelfaccio.com.br\/blog\/index.php\/wp-json\/wp\/v2\/posts\/19473\/revisions\/19474"}],"wp:attachment":[{"href":"https:\/\/www.miguelfaccio.com.br\/blog\/index.php\/wp-json\/wp\/v2\/media?parent=19473"}],"wp:term":[{"taxonomy":"category","embeddable":true,"href":"https:\/\/www.miguelfaccio.com.br\/blog\/index.php\/wp-json\/wp\/v2\/categories?post=19473"},{"taxonomy":"post_tag","embeddable":true,"href":"https:\/\/www.miguelfaccio.com.br\/blog\/index.php\/wp-json\/wp\/v2\/tags?post=19473"}],"curies":[{"name":"wp","href":"https:\/\/api.w.org\/{rel}","templated":true}]}}