{"id":19468,"date":"2025-06-10T09:29:59","date_gmt":"2025-06-10T12:29:59","guid":{"rendered":"https:\/\/www.miguelfaccio.com.br\/blog\/?p=19468"},"modified":"2025-06-10T09:30:01","modified_gmt":"2025-06-10T12:30:01","slug":"plv4124-livro-28-diario-01-01-2023","status":"publish","type":"post","link":"https:\/\/www.miguelfaccio.com.br\/blog\/index.php\/plv4124-livro-28-diario-01-01-2023\/","title":{"rendered":"PLV4124 \u2013 Livro 28 \u2013 Di\u00e1rio, 01\/01\/2023"},"content":{"rendered":"\n<p class=\"has-text-align-right\"><strong>01\/01\/2023<\/strong><\/p>\n\n\n\n<p>Hoje se inicia mais um ciclo anual. Que os c\u00e9us tenham compaix\u00e3o deste povo brasileiro. Este povo que enfrentou solo e chuva na esperan\u00e7a que, quem de direito, pudesse solucionar o grande problema das elei\u00e7\u00f5es brasileiras. N\u00e3o foi por falta de provas, n\u00e3o foi por falta de detec\u00e7\u00e3o de inconsist\u00eancias, constatadas por qualquer hacker iniciante, e levadas ao conhecimento, d\u00e1 para dizer, mundial. Mas, quem tinha o dever constitucional, negou-se de agir. Nem tomou conhecimento dos milhares de brasileiros que acampados quase por 60 dias em frente aos seus quart\u00e9is, simplesmente n\u00e3o agiu ante a determina\u00e7\u00e3o constitucional. Pergunta-se, que esp\u00e9cie de responsabilidade poder\u00e3o demonstrar agora? Agora, roga-se aos c\u00e9us para que nos libertem da escravid\u00e3o, n\u00e3o somente f\u00edsica, mas de modo especial, escravid\u00e3o moral, escravid\u00e3o do pensamento e da palavra, escravid\u00e3o religiosa. Mas, n\u00e3o podemos nos deter somente a isso. Temos uma responsabilidade muito maior, a de servir de esteio para a evolu\u00e7\u00e3o espiritual individual, sem esquecer que j\u00e1 estamos imersos na quinta dimens\u00e3o e temos que nos incluir nela, caso contr\u00e1rio, sempre haver\u00e1 vaga nos navios que levar\u00e3o os retardat\u00e1rios para outros planetas. Apesar de que este in\u00edcio, socialmente negativo, precisamos enfrent\u00e1-lo de peito aberto.<\/p>\n","protected":false},"excerpt":{"rendered":"<p>01\/01\/2023 Hoje se inicia mais um ciclo anual. Que os c\u00e9us tenham compaix\u00e3o deste povo brasileiro. Este povo que enfrentou solo e chuva na esperan\u00e7a que, quem de direito, pudesse solucionar o grande problema das elei\u00e7\u00f5es brasileiras. N\u00e3o foi por falta de provas, n\u00e3o foi por falta de detec\u00e7\u00e3o de inconsist\u00eancias, constatadas por qualquer hacker [&hellip;]<\/p>\n","protected":false},"author":1,"featured_media":0,"comment_status":"open","ping_status":"open","sticky":false,"template":"","format":"standard","meta":{"_mi_skip_tracking":false},"categories":[34],"tags":[],"_links":{"self":[{"href":"https:\/\/www.miguelfaccio.com.br\/blog\/index.php\/wp-json\/wp\/v2\/posts\/19468"}],"collection":[{"href":"https:\/\/www.miguelfaccio.com.br\/blog\/index.php\/wp-json\/wp\/v2\/posts"}],"about":[{"href":"https:\/\/www.miguelfaccio.com.br\/blog\/index.php\/wp-json\/wp\/v2\/types\/post"}],"author":[{"embeddable":true,"href":"https:\/\/www.miguelfaccio.com.br\/blog\/index.php\/wp-json\/wp\/v2\/users\/1"}],"replies":[{"embeddable":true,"href":"https:\/\/www.miguelfaccio.com.br\/blog\/index.php\/wp-json\/wp\/v2\/comments?post=19468"}],"version-history":[{"count":1,"href":"https:\/\/www.miguelfaccio.com.br\/blog\/index.php\/wp-json\/wp\/v2\/posts\/19468\/revisions"}],"predecessor-version":[{"id":19469,"href":"https:\/\/www.miguelfaccio.com.br\/blog\/index.php\/wp-json\/wp\/v2\/posts\/19468\/revisions\/19469"}],"wp:attachment":[{"href":"https:\/\/www.miguelfaccio.com.br\/blog\/index.php\/wp-json\/wp\/v2\/media?parent=19468"}],"wp:term":[{"taxonomy":"category","embeddable":true,"href":"https:\/\/www.miguelfaccio.com.br\/blog\/index.php\/wp-json\/wp\/v2\/categories?post=19468"},{"taxonomy":"post_tag","embeddable":true,"href":"https:\/\/www.miguelfaccio.com.br\/blog\/index.php\/wp-json\/wp\/v2\/tags?post=19468"}],"curies":[{"name":"wp","href":"https:\/\/api.w.org\/{rel}","templated":true}]}}