{"id":19464,"date":"2025-06-09T10:12:31","date_gmt":"2025-06-09T13:12:31","guid":{"rendered":"https:\/\/www.miguelfaccio.com.br\/blog\/?p=19464"},"modified":"2025-06-09T10:12:33","modified_gmt":"2025-06-09T13:12:33","slug":"plv4124-livro-27-diario-31-12-2022","status":"publish","type":"post","link":"https:\/\/www.miguelfaccio.com.br\/blog\/index.php\/plv4124-livro-27-diario-31-12-2022\/","title":{"rendered":"PLV4124 \u2013 Livro 27 \u2013 Di\u00e1rio, 31\/12\/2022"},"content":{"rendered":"\n<p class=\"has-text-align-right\"><strong>31\/12\/2022<\/strong><\/p>\n\n\n\n<p>Findo est\u00e1. Este \u00e9 o \u00faltimo dia do ano de 2022. Em exatamente 18 horas, bater\u00e1 o sino do tempo, anunciando que inicia o novo ano, o ano de 2023. Este ano foi muito conturbado, tanto no n\u00edvel da mat\u00e9ria como no n\u00edvel da energia. No n\u00edvel da mat\u00e9ria, todos vivemos esses momentos das escaramu\u00e7as das sombras para manterem-se por mais algum tempo no dom\u00ednio da Terra. Vivemos tudo o que foi poss\u00edvel suportar das investidas dadas pela esquerda para poderem se apoderar dos governos, tanto federal como estadual. Criaram tudo quanto foi artimanha para derrubar o poder e o desejo do povo brasileiro. Usurparam de tal forma as elei\u00e7\u00f5es que milh\u00f5es e milh\u00f5es de brasileiros acamparam por aproximadamente dois meses em frente aos quart\u00e9is, exigindo tomada de posi\u00e7\u00e3o da \u00fanica for\u00e7a capaz de harmonizar os poderes, que estavam se restringindo a um s\u00f3 homem de um s\u00f3 poder da Rep\u00fablica, a cujos atos insanos (\u00e9 uma palavra leve demais para classific\u00e1-los) trazia a instabilidade de toda a na\u00e7\u00e3o brasileira. Hoje \u00e9 o \u00faltimo dia do ano, mas ainda h\u00e1 18 horas onde h\u00e1 a possibilidade de reverter essa situa\u00e7\u00e3o. Pe\u00e7amos a Deus a for\u00e7a para resistir at\u00e9 a \u00faltima hora. Temos certeza de que nossos irm\u00e3os das estrelas tamb\u00e9m estar\u00e3o emitindo for\u00e7as e energias para que possamos bem ultrapassar esse escasso tempo que ainda temos, antes de nos despedirmos deste ano que foi grande, nos elevando \u00e0 quinta dimens\u00e3o como planeta, mas que precisa ainda erradicar muitas ra\u00edzes abastecidas pelas sombras e seus cavalos de batalha serem alocados em outros planetas em in\u00edcio de evolu\u00e7\u00e3o. Que os c\u00e9us derramem sobre esta Terra as energias que a fa\u00e7am ressurgir das cinzas da iniquidade, do \u00f3dio entre as ra\u00e7as, da degrada\u00e7\u00e3o moral, intelectual e laboral imposta pela esquerda aqui no Brasil. Que essa filosofia desapare\u00e7a da face da terra.<\/p>\n\n\n\n<p>Bem-vindo, ano de 2023, e que encontre esta Terra um pouco mais apaziguada<\/p>\n","protected":false},"excerpt":{"rendered":"<p>31\/12\/2022 Findo est\u00e1. Este \u00e9 o \u00faltimo dia do ano de 2022. Em exatamente 18 horas, bater\u00e1 o sino do tempo, anunciando que inicia o novo ano, o ano de 2023. Este ano foi muito conturbado, tanto no n\u00edvel da mat\u00e9ria como no n\u00edvel da energia. No n\u00edvel da mat\u00e9ria, todos vivemos esses momentos das [&hellip;]<\/p>\n","protected":false},"author":1,"featured_media":0,"comment_status":"open","ping_status":"open","sticky":false,"template":"","format":"standard","meta":{"_mi_skip_tracking":false},"categories":[33],"tags":[],"_links":{"self":[{"href":"https:\/\/www.miguelfaccio.com.br\/blog\/index.php\/wp-json\/wp\/v2\/posts\/19464"}],"collection":[{"href":"https:\/\/www.miguelfaccio.com.br\/blog\/index.php\/wp-json\/wp\/v2\/posts"}],"about":[{"href":"https:\/\/www.miguelfaccio.com.br\/blog\/index.php\/wp-json\/wp\/v2\/types\/post"}],"author":[{"embeddable":true,"href":"https:\/\/www.miguelfaccio.com.br\/blog\/index.php\/wp-json\/wp\/v2\/users\/1"}],"replies":[{"embeddable":true,"href":"https:\/\/www.miguelfaccio.com.br\/blog\/index.php\/wp-json\/wp\/v2\/comments?post=19464"}],"version-history":[{"count":1,"href":"https:\/\/www.miguelfaccio.com.br\/blog\/index.php\/wp-json\/wp\/v2\/posts\/19464\/revisions"}],"predecessor-version":[{"id":19465,"href":"https:\/\/www.miguelfaccio.com.br\/blog\/index.php\/wp-json\/wp\/v2\/posts\/19464\/revisions\/19465"}],"wp:attachment":[{"href":"https:\/\/www.miguelfaccio.com.br\/blog\/index.php\/wp-json\/wp\/v2\/media?parent=19464"}],"wp:term":[{"taxonomy":"category","embeddable":true,"href":"https:\/\/www.miguelfaccio.com.br\/blog\/index.php\/wp-json\/wp\/v2\/categories?post=19464"},{"taxonomy":"post_tag","embeddable":true,"href":"https:\/\/www.miguelfaccio.com.br\/blog\/index.php\/wp-json\/wp\/v2\/tags?post=19464"}],"curies":[{"name":"wp","href":"https:\/\/api.w.org\/{rel}","templated":true}]}}