{"id":19460,"date":"2025-06-08T09:00:35","date_gmt":"2025-06-08T12:00:35","guid":{"rendered":"https:\/\/www.miguelfaccio.com.br\/blog\/?p=19460"},"modified":"2025-06-08T09:00:37","modified_gmt":"2025-06-08T12:00:37","slug":"plv4123-livro-27-diario-30-12-2022","status":"publish","type":"post","link":"https:\/\/www.miguelfaccio.com.br\/blog\/index.php\/plv4123-livro-27-diario-30-12-2022\/","title":{"rendered":"PLV4123 \u2013 Livro 27 \u2013 Di\u00e1rio, 30\/12\/2022"},"content":{"rendered":"\n<p class=\"has-text-align-right\"><strong>30\/12\/2022<\/strong><\/p>\n\n\n\n<p>Estamos chegando ao final do ano. Parece que neste pa\u00eds nada d\u00e1 certo. Por quase 60 dias, grande quantidade do povo de bem passou reunido diante dos quart\u00e9is, aguardando alguma tomada de posi\u00e7\u00e3o das for\u00e7as militares, no tocante ao roubo descarado havido na elei\u00e7\u00e3o, que foi uma nomea\u00e7\u00e3o pelo poder eleitoral. Pelo que se est\u00e1 sentindo, mesmo sendo o resultado usurpado e do conhecimento do planeta todo, tomar\u00e1 posse quem desestruturou, quando presidente no passado, a economia, a educa\u00e7\u00e3o que se tornou quase a pior do planeta, a moral e os bons costumes. Quem deveria estar preso, ser\u00e1 nosso presidente. N\u00e3o cabe na minha cabe\u00e7a que o poder moderador, nomeado na Constitui\u00e7\u00e3o, no artigo 142 tenha se furtado a exercer sua responsabilidade, que j\u00e1 deveria ser tomada h\u00e1 mais de tr\u00eas anos. Depois disso, o que ser\u00e1 do povo brasileiro? Parece que at\u00e9 os c\u00e9us se eximem, deixando, simplesmente correr a lei do carma, para um planeta j\u00e1 dentro da quinta dimens\u00e3o. Como n\u00e3o posso e nem tenho QI para determinar algo, s\u00f3 me resta baixar a cabe\u00e7a e seguir os meus passos na estrada evolutiva. Mesmo sem muita certeza, mas na esperan\u00e7a que no badalar das horas aconte\u00e7a algo que modifique a situa\u00e7\u00e3o pol\u00edtica neste pa\u00eds que fora sempre aben\u00e7oado. Esta terra de Santa Cruz, a P\u00e1tria do Evangelho.<\/p>\n","protected":false},"excerpt":{"rendered":"<p>30\/12\/2022 Estamos chegando ao final do ano. Parece que neste pa\u00eds nada d\u00e1 certo. Por quase 60 dias, grande quantidade do povo de bem passou reunido diante dos quart\u00e9is, aguardando alguma tomada de posi\u00e7\u00e3o das for\u00e7as militares, no tocante ao roubo descarado havido na elei\u00e7\u00e3o, que foi uma nomea\u00e7\u00e3o pelo poder eleitoral. Pelo que se [&hellip;]<\/p>\n","protected":false},"author":1,"featured_media":0,"comment_status":"open","ping_status":"open","sticky":false,"template":"","format":"standard","meta":{"_mi_skip_tracking":false},"categories":[33],"tags":[],"_links":{"self":[{"href":"https:\/\/www.miguelfaccio.com.br\/blog\/index.php\/wp-json\/wp\/v2\/posts\/19460"}],"collection":[{"href":"https:\/\/www.miguelfaccio.com.br\/blog\/index.php\/wp-json\/wp\/v2\/posts"}],"about":[{"href":"https:\/\/www.miguelfaccio.com.br\/blog\/index.php\/wp-json\/wp\/v2\/types\/post"}],"author":[{"embeddable":true,"href":"https:\/\/www.miguelfaccio.com.br\/blog\/index.php\/wp-json\/wp\/v2\/users\/1"}],"replies":[{"embeddable":true,"href":"https:\/\/www.miguelfaccio.com.br\/blog\/index.php\/wp-json\/wp\/v2\/comments?post=19460"}],"version-history":[{"count":1,"href":"https:\/\/www.miguelfaccio.com.br\/blog\/index.php\/wp-json\/wp\/v2\/posts\/19460\/revisions"}],"predecessor-version":[{"id":19461,"href":"https:\/\/www.miguelfaccio.com.br\/blog\/index.php\/wp-json\/wp\/v2\/posts\/19460\/revisions\/19461"}],"wp:attachment":[{"href":"https:\/\/www.miguelfaccio.com.br\/blog\/index.php\/wp-json\/wp\/v2\/media?parent=19460"}],"wp:term":[{"taxonomy":"category","embeddable":true,"href":"https:\/\/www.miguelfaccio.com.br\/blog\/index.php\/wp-json\/wp\/v2\/categories?post=19460"},{"taxonomy":"post_tag","embeddable":true,"href":"https:\/\/www.miguelfaccio.com.br\/blog\/index.php\/wp-json\/wp\/v2\/tags?post=19460"}],"curies":[{"name":"wp","href":"https:\/\/api.w.org\/{rel}","templated":true}]}}