{"id":19458,"date":"2025-06-07T09:32:08","date_gmt":"2025-06-07T12:32:08","guid":{"rendered":"https:\/\/www.miguelfaccio.com.br\/blog\/?p=19458"},"modified":"2025-06-07T09:32:09","modified_gmt":"2025-06-07T12:32:09","slug":"rcd4069-raios-ou-chamas","status":"publish","type":"post","link":"https:\/\/www.miguelfaccio.com.br\/blog\/index.php\/rcd4069-raios-ou-chamas\/","title":{"rendered":"RCD4069 Raios ou Chamas"},"content":{"rendered":"\n<p class=\"has-text-align-right\"><strong>Federa\u00e7\u00e3o Gal\u00e1ctica <br>Atrav\u00e9s de Chellea Wilder<\/strong><\/p>\n\n\n\n<p>PREVIS\u00c3O DA ENERGIA<\/p>\n\n\n\n<p>continua\u00e7\u00e3o<\/p>\n\n\n\n<p>Esse alinhamento \u00e9 crucial, garantindo que seus esfor\u00e7os ressoem profundamente com sua verdade interior e com o caminho que voc\u00ea deve seguir. Nesse processo, \u00e9 essencial ser honesto consigo mesmo sobre o que realmente importa para voc\u00ea e o que se alinha com o prop\u00f3sito da sua alma.<\/p>\n\n\n\n<p>Este per\u00edodo exige um esfor\u00e7o concentrado para trazer mais equil\u00edbrio e ordem \u00e0 sua vida. \u00c9 essencial buscar uma compreens\u00e3o mais profunda das li\u00e7\u00f5es aprendidas com as experi\u00eancias desafiadoras que podem surgir durante esse per\u00edodo.<\/p>\n\n\n\n<p>Em vez de encarar essas dificuldades como obst\u00e1culos ou contratempos, \u00e9 mais ben\u00e9fico encar\u00e1-las como oportunidades inestim\u00e1veis \u200b\u200bde crescimento e descoberta interior.<\/p>\n\n\n\n<p>Cada experi\u00eancia, seja ela positiva ou negativa na sua perspectiva, tem o potencial de lhe ensinar algo valioso sobre si mesmo e sua jornada, ajudando a moldar sua compreens\u00e3o do Amor e da Verdade, e sua conex\u00e3o com os outros ao seu redor. Abra\u00e7ar essas li\u00e7\u00f5es pode levar a insights profundos que enriquecem sua experi\u00eancia geral.<\/p>\n\n\n\n<p>Em \u00faltima an\u00e1lise, n\u00e3o se trata apenas de saber se a mudan\u00e7a est\u00e1 ocorrendo em sua vida; trata-se de como voc\u00ea escolhe lidar e responder a essa mudan\u00e7a. Sua mentalidade e abordagem podem influenciar significativamente suas experi\u00eancias e os resultados que se seguem.<\/p>\n\n\n\n<p>Abra\u00e7ar a mudan\u00e7a, com o cora\u00e7\u00e3o e a mente abertos, pode levar a transforma\u00e7\u00f5es profundas que aprimoram seu crescimento pessoal e espiritual. Este \u00e9 um momento para cultivar resili\u00eancia e adaptabilidade, permitindo que voc\u00ea navegue pelas ondas da mudan\u00e7a com eleg\u00e2ncia e confian\u00e7a.<\/p>\n\n\n\n<p>Ao aguardar ansiosamente o m\u00eas de junho, \u00e9 importante observar que este per\u00edodo marca o in\u00edcio dos seus testes espirituais finais para a sua ascens\u00e3o. \u00c9 uma etapa muito importante, projetada para impulsion\u00e1-lo mais longe e mais alto em sua ascens\u00e3o.<\/p>\n\n\n\n<p>Este per\u00edodo ser\u00e1 rico em oportunidades de crescimento e expans\u00e3o, incentivando-o a abra\u00e7ar as li\u00e7\u00f5es e os insights que surgirem em seu caminho. Lembre-se de sempre escolher o Amor.<\/p>\n\n\n\n<p>Prepare-se para esta jornada, pois ela promete lev\u00e1-lo adiante muito rapidamente em seu processo de ascens\u00e3o, aproximando-o do seu potencial mais elevado e da realiza\u00e7\u00e3o do seu verdadeiro eu interior. Isso faz parte do Decreto Divino para ajudar a elev\u00e1-lo \u00e0 5\u00aa dimens\u00e3o.<\/p>\n\n\n\n<p>Portanto, envolva-se plenamente com essas energias e permita que elas o guiem enquanto voc\u00ea entra na pr\u00f3xima fase de sua evolu\u00e7\u00e3o espiritual, onde novos insights e revela\u00e7\u00f5es o aguardam.<\/p>\n\n\n\n<p>N\u00f3s amamos voc\u00eas e celebramos sua Luz interior.<\/p>\n\n\n\n<p>~ N\u00f3s Somos A Federa\u00e7\u00e3o Gal\u00e1ctica<\/p>\n\n\n\n<p>Formata\u00e7\u00e3o e Tradu\u00e7\u00e3o \u2013 BLOG DE CORA\u00c7\u00c3O A CORA\u00c7\u00c3O<\/p>\n\n\n\n<figure class=\"wp-block-embed\"><div class=\"wp-block-embed__wrapper\">\nhttps:\/\/www.decoracaoacoracao.blog.br\n<\/div><\/figure>\n\n\n\n<figure class=\"wp-block-embed\"><div class=\"wp-block-embed__wrapper\">\nhttp:\/\/stelalecocq.blogspot.com\n<\/div><\/figure>\n\n\n\n<figure class=\"wp-block-embed\"><div class=\"wp-block-embed__wrapper\">\nhttps:\/\/lecocq.wordpress.com\n<\/div><\/figure>\n\n\n\n<p>Instagram \u2013 @blogdecoracaoacoracao<\/p>\n\n\n\n<p>Informa\u00e7\u00f5es e Agendamentos para Mesa Qu\u00e2ntica Estelar, Mesa Pet, Mesa Qu\u00e2ntica 2.0, Florais de Bach, Sistema Regenerador Ashtariano, Sistema Arcturiano de Cura Multidimensional \u2013 lecocqmuller@gmail.com<\/p>\n\n\n\n<p>E-book Mensagem dos Mestres \u2013 De Cora\u00e7\u00e3o a Cora\u00e7\u00e3o\u201d \u2013 https:\/\/mensagensdosmestres.blogspot.com\/<\/p>\n\n\n\n<p>UniversalLighthouse.com<\/p>\n\n\n\n<p>Respeite os cr\u00e9ditos<\/p>\n\n\n\n<p>LUZ!<\/p>\n\n\n\n<p>STELA<\/p>\n","protected":false},"excerpt":{"rendered":"<p>Federa\u00e7\u00e3o Gal\u00e1ctica Atrav\u00e9s de Chellea Wilder PREVIS\u00c3O DA ENERGIA continua\u00e7\u00e3o Esse alinhamento \u00e9 crucial, garantindo que seus esfor\u00e7os ressoem profundamente com sua verdade interior e com o caminho que voc\u00ea deve seguir. Nesse processo, \u00e9 essencial ser honesto consigo mesmo sobre o que realmente importa para voc\u00ea e o que se alinha com o prop\u00f3sito [&hellip;]<\/p>\n","protected":false},"author":1,"featured_media":0,"comment_status":"open","ping_status":"open","sticky":false,"template":"","format":"standard","meta":{"_mi_skip_tracking":false},"categories":[3],"tags":[],"_links":{"self":[{"href":"https:\/\/www.miguelfaccio.com.br\/blog\/index.php\/wp-json\/wp\/v2\/posts\/19458"}],"collection":[{"href":"https:\/\/www.miguelfaccio.com.br\/blog\/index.php\/wp-json\/wp\/v2\/posts"}],"about":[{"href":"https:\/\/www.miguelfaccio.com.br\/blog\/index.php\/wp-json\/wp\/v2\/types\/post"}],"author":[{"embeddable":true,"href":"https:\/\/www.miguelfaccio.com.br\/blog\/index.php\/wp-json\/wp\/v2\/users\/1"}],"replies":[{"embeddable":true,"href":"https:\/\/www.miguelfaccio.com.br\/blog\/index.php\/wp-json\/wp\/v2\/comments?post=19458"}],"version-history":[{"count":1,"href":"https:\/\/www.miguelfaccio.com.br\/blog\/index.php\/wp-json\/wp\/v2\/posts\/19458\/revisions"}],"predecessor-version":[{"id":19459,"href":"https:\/\/www.miguelfaccio.com.br\/blog\/index.php\/wp-json\/wp\/v2\/posts\/19458\/revisions\/19459"}],"wp:attachment":[{"href":"https:\/\/www.miguelfaccio.com.br\/blog\/index.php\/wp-json\/wp\/v2\/media?parent=19458"}],"wp:term":[{"taxonomy":"category","embeddable":true,"href":"https:\/\/www.miguelfaccio.com.br\/blog\/index.php\/wp-json\/wp\/v2\/categories?post=19458"},{"taxonomy":"post_tag","embeddable":true,"href":"https:\/\/www.miguelfaccio.com.br\/blog\/index.php\/wp-json\/wp\/v2\/tags?post=19458"}],"curies":[{"name":"wp","href":"https:\/\/api.w.org\/{rel}","templated":true}]}}