{"id":19456,"date":"2025-06-07T09:30:31","date_gmt":"2025-06-07T12:30:31","guid":{"rendered":"https:\/\/www.miguelfaccio.com.br\/blog\/?p=19456"},"modified":"2025-06-07T09:30:32","modified_gmt":"2025-06-07T12:30:32","slug":"plv4122-livro-27-diario-29-12-2022","status":"publish","type":"post","link":"https:\/\/www.miguelfaccio.com.br\/blog\/index.php\/plv4122-livro-27-diario-29-12-2022\/","title":{"rendered":"PLV4122 \u2013 Livro 27 \u2013 Di\u00e1rio, 29\/12\/2022"},"content":{"rendered":"\n<p class=\"has-text-align-right\"><strong>29\/12\/2022<\/strong><\/p>\n\n\n\n<p>Especialmente a parte final deste ano, est\u00e1 muito dif\u00edcil. Conturbado, talvez, pelas sombras que esperneiam vendo o final de seu dom\u00ednio aqui no planeta. No que concerne ao que est\u00e1 atr\u00e1s da mat\u00e9ria, j\u00e1 nos informaram o t\u00e9rmino de suas atividades. O maior problema est\u00e1 nos seus teleguiados, que ignoram serem comandados pelas sombras e relutam por um poder que j\u00e1 est\u00e1 no fim. N\u00e3o sei o que poder\u00e1 acontecer, pois muita coisa do que \u00e9 predito simplesmente n\u00e3o acontece. Para o ser humano mudar, precisa de par\u00e2metros que lhe deem suporte e os paramentos n\u00e3o cabem na cabe\u00e7a de quem ainda \u00e9 dominado pelas sombras, que n\u00e3o possuem princ\u00edpios e nem limites, para basear suas tomadas de posi\u00e7\u00e3o. A \u00fanica coisa que existe em sua cabe\u00e7a \u00e9 o que foi implantado pela filosofia socialista comunista. Nada mais tem valor e lhe serve. Esperemos que n\u00e3o tarde a interven\u00e7\u00e3o do plano maior, nos destinos deste planeta azul, que est\u00e1 a demonstrar que j\u00e1 n\u00e3o vibra na terceira dimens\u00e3o, e isso, tamb\u00e9m, contribui para o alvoro\u00e7o dos cavalos de batalhas das sombras que j\u00e1 pressentem o seu fim. Se o presidente nomeado pelo sistema tomar posse do governo deste pa\u00eds, seu povo ter\u00e1 que tomar o mais amargo rem\u00e9dio que os c\u00e9us possam determinar. Ainda d\u00e1 tempo de contornar essa situa\u00e7\u00e3o. O que adiantou a vig\u00edlia de milhares de brasileiros acampados em frente aos quart\u00e9is, se eles n\u00e3o t\u00eam coragem de exercer sua importante miss\u00e3o constitucional?<\/p>\n","protected":false},"excerpt":{"rendered":"<p>29\/12\/2022 Especialmente a parte final deste ano, est\u00e1 muito dif\u00edcil. Conturbado, talvez, pelas sombras que esperneiam vendo o final de seu dom\u00ednio aqui no planeta. No que concerne ao que est\u00e1 atr\u00e1s da mat\u00e9ria, j\u00e1 nos informaram o t\u00e9rmino de suas atividades. O maior problema est\u00e1 nos seus teleguiados, que ignoram serem comandados pelas sombras [&hellip;]<\/p>\n","protected":false},"author":1,"featured_media":0,"comment_status":"open","ping_status":"open","sticky":false,"template":"","format":"standard","meta":{"_mi_skip_tracking":false},"categories":[33],"tags":[],"_links":{"self":[{"href":"https:\/\/www.miguelfaccio.com.br\/blog\/index.php\/wp-json\/wp\/v2\/posts\/19456"}],"collection":[{"href":"https:\/\/www.miguelfaccio.com.br\/blog\/index.php\/wp-json\/wp\/v2\/posts"}],"about":[{"href":"https:\/\/www.miguelfaccio.com.br\/blog\/index.php\/wp-json\/wp\/v2\/types\/post"}],"author":[{"embeddable":true,"href":"https:\/\/www.miguelfaccio.com.br\/blog\/index.php\/wp-json\/wp\/v2\/users\/1"}],"replies":[{"embeddable":true,"href":"https:\/\/www.miguelfaccio.com.br\/blog\/index.php\/wp-json\/wp\/v2\/comments?post=19456"}],"version-history":[{"count":1,"href":"https:\/\/www.miguelfaccio.com.br\/blog\/index.php\/wp-json\/wp\/v2\/posts\/19456\/revisions"}],"predecessor-version":[{"id":19457,"href":"https:\/\/www.miguelfaccio.com.br\/blog\/index.php\/wp-json\/wp\/v2\/posts\/19456\/revisions\/19457"}],"wp:attachment":[{"href":"https:\/\/www.miguelfaccio.com.br\/blog\/index.php\/wp-json\/wp\/v2\/media?parent=19456"}],"wp:term":[{"taxonomy":"category","embeddable":true,"href":"https:\/\/www.miguelfaccio.com.br\/blog\/index.php\/wp-json\/wp\/v2\/categories?post=19456"},{"taxonomy":"post_tag","embeddable":true,"href":"https:\/\/www.miguelfaccio.com.br\/blog\/index.php\/wp-json\/wp\/v2\/tags?post=19456"}],"curies":[{"name":"wp","href":"https:\/\/api.w.org\/{rel}","templated":true}]}}