{"id":19454,"date":"2025-06-06T09:43:08","date_gmt":"2025-06-06T12:43:08","guid":{"rendered":"https:\/\/www.miguelfaccio.com.br\/blog\/?p=19454"},"modified":"2025-06-06T09:43:10","modified_gmt":"2025-06-06T12:43:10","slug":"rcd4068-raios-ou-chamas","status":"publish","type":"post","link":"https:\/\/www.miguelfaccio.com.br\/blog\/index.php\/rcd4068-raios-ou-chamas\/","title":{"rendered":"RCD4068 Raios ou Chamas"},"content":{"rendered":"\n<p class=\"has-text-align-right\"><strong>Federa\u00e7\u00e3o Gal\u00e1ctica Atrav\u00e9s de Chellea Wilder<\/strong><\/p>\n\n\n\n<p>PREVIS\u00c3O DA ENERGIA<\/p>\n\n\n\n<p>05 de junho de 2025<\/p>\n\n\n\n<p>~ Prepare-se para o Teste Final ~<\/p>\n\n\n\n<p>B\u00ean\u00e7\u00e3os \u00e0 nossa querida Fam\u00edlia da Terra.<\/p>\n\n\n\n<p>Agradecemos por se conectar conosco.<\/p>\n\n\n\n<p>J\u00e1 faz algum tempo desde a \u00faltima vez que compartilhamos uma previs\u00e3o de energia e reconhecemos a import\u00e2ncia de saber o que esperar durante este per\u00edodo de transforma\u00e7\u00e3o.<\/p>\n\n\n\n<p>Voc\u00ea est\u00e1 entrando em uma Etapa da sua Ascens\u00e3o que ser\u00e1 desafiadora. Estes s\u00e3o os testes finais do seu processo de Ascens\u00e3o.<\/p>\n\n\n\n<p>A energia c\u00f3smica que voc\u00ea est\u00e1 vivenciando agora \u00e9 marcada por mudan\u00e7as positivas repentinas, com o Sol em G\u00eameos se alinhando com a Lua em Libra. Este alinhamento Sol-Lua indica encontros inesperados e uma mudan\u00e7a de perspectiva. A Lua em Libra incentiva a introspec\u00e7\u00e3o e a reflex\u00e3o interior.<\/p>\n\n\n\n<p>A energia tamb\u00e9m apoia a criatividade e a tomada de a\u00e7\u00f5es.<\/p>\n\n\n\n<p>\u00c9 um momento para abra\u00e7ar seus pontos fortes e buscar corajosamente sua Heran\u00e7a Divina.<\/p>\n\n\n\n<p>Preste aten\u00e7\u00e3o \u00e0s mudan\u00e7as sutis que ocorrem em sua vida e como elas podem estar influenciando o ritmo de sua jornada.<\/p>\n\n\n\n<p>Para complementar esses alinhamentos, seu Logos Solar tem estado muito ativo com m\u00faltiplas erup\u00e7\u00f5es de classe M e C, amplificando continuamente as frequ\u00eancias da Terra.<\/p>\n\n\n\n<p>\u00c0 medida que voc\u00ea navega por estes tempos de mudan\u00e7a e por Novas Energias Intensificadas, \u00e9 cada vez mais vital reconhecer, equilibrar e se adaptar \u00e0s novas frequ\u00eancias que o cercam.<\/p>\n\n\n\n<p>Essas frequ\u00eancias s\u00e3o um poderoso catalisador que o impulsionar\u00e1 em dire\u00e7\u00e3o a uma consci\u00eancia mais elevada e promover\u00e1 uma Conex\u00e3o Divina mais profunda.<\/p>\n\n\n\n<p>Muitas pessoas est\u00e3o come\u00e7ando a vivenciar essas Vibra\u00e7\u00f5es Intensificadas de maneiras profundas. Alguns de voc\u00eas podem estar sentindo o que chamam de sintomas da Ascens\u00e3o, onde seus Corpos est\u00e3o se ajustando \u00e0s frequ\u00eancias em constante mudan\u00e7a.<\/p>\n\n\n\n<p>Abra\u00e7ar essas energias exige a disposi\u00e7\u00e3o de se elevar mais alto no Amor. Voc\u00ea continua a crescer em dire\u00e7\u00e3o a um estado superior de Consci\u00eancia, tornando-se o Amor Incondicional do Criador Infinito.<\/p>\n\n\n\n<p>Voc\u00ea est\u00e1 explorando o desconhecido e, de fato, \u00e9 preciso uma quantidade consider\u00e1vel de coragem para se aventurar ousadamente no Desconhecido.<\/p>\n\n\n\n<p>\u00c0 medida que voc\u00ea se aproxima deste momento crucial em sua jornada pessoal, este \u00e9 o momento ideal para avaliar seus projetos em andamento e metas de longo prazo.<\/p>\n\n\n\n<p>Refletir sobre suas aspira\u00e7\u00f5es permite que voc\u00ea fa\u00e7a os ajustes necess\u00e1rios que ajudar\u00e3o a alinh\u00e1-las, de forma mais harmoniosa, com seu estado atual de ser. Isso tamb\u00e9m ajudar\u00e1 a alinhar sua vida di\u00e1ria com as energias que voc\u00ea est\u00e1 vivenciando atualmente.<\/p>\n\n\n\n<p>continua<\/p>\n","protected":false},"excerpt":{"rendered":"<p>Federa\u00e7\u00e3o Gal\u00e1ctica Atrav\u00e9s de Chellea Wilder PREVIS\u00c3O DA ENERGIA 05 de junho de 2025 ~ Prepare-se para o Teste Final ~ B\u00ean\u00e7\u00e3os \u00e0 nossa querida Fam\u00edlia da Terra. Agradecemos por se conectar conosco. J\u00e1 faz algum tempo desde a \u00faltima vez que compartilhamos uma previs\u00e3o de energia e reconhecemos a import\u00e2ncia de saber o que [&hellip;]<\/p>\n","protected":false},"author":1,"featured_media":0,"comment_status":"open","ping_status":"open","sticky":false,"template":"","format":"standard","meta":{"_mi_skip_tracking":false},"categories":[3],"tags":[],"_links":{"self":[{"href":"https:\/\/www.miguelfaccio.com.br\/blog\/index.php\/wp-json\/wp\/v2\/posts\/19454"}],"collection":[{"href":"https:\/\/www.miguelfaccio.com.br\/blog\/index.php\/wp-json\/wp\/v2\/posts"}],"about":[{"href":"https:\/\/www.miguelfaccio.com.br\/blog\/index.php\/wp-json\/wp\/v2\/types\/post"}],"author":[{"embeddable":true,"href":"https:\/\/www.miguelfaccio.com.br\/blog\/index.php\/wp-json\/wp\/v2\/users\/1"}],"replies":[{"embeddable":true,"href":"https:\/\/www.miguelfaccio.com.br\/blog\/index.php\/wp-json\/wp\/v2\/comments?post=19454"}],"version-history":[{"count":1,"href":"https:\/\/www.miguelfaccio.com.br\/blog\/index.php\/wp-json\/wp\/v2\/posts\/19454\/revisions"}],"predecessor-version":[{"id":19455,"href":"https:\/\/www.miguelfaccio.com.br\/blog\/index.php\/wp-json\/wp\/v2\/posts\/19454\/revisions\/19455"}],"wp:attachment":[{"href":"https:\/\/www.miguelfaccio.com.br\/blog\/index.php\/wp-json\/wp\/v2\/media?parent=19454"}],"wp:term":[{"taxonomy":"category","embeddable":true,"href":"https:\/\/www.miguelfaccio.com.br\/blog\/index.php\/wp-json\/wp\/v2\/categories?post=19454"},{"taxonomy":"post_tag","embeddable":true,"href":"https:\/\/www.miguelfaccio.com.br\/blog\/index.php\/wp-json\/wp\/v2\/tags?post=19454"}],"curies":[{"name":"wp","href":"https:\/\/api.w.org\/{rel}","templated":true}]}}