{"id":19446,"date":"2025-06-05T09:10:56","date_gmt":"2025-06-05T12:10:56","guid":{"rendered":"https:\/\/www.miguelfaccio.com.br\/blog\/?p=19446"},"modified":"2025-06-05T09:10:58","modified_gmt":"2025-06-05T12:10:58","slug":"plv4120-livro-27-diario-26-12-2022","status":"publish","type":"post","link":"https:\/\/www.miguelfaccio.com.br\/blog\/index.php\/plv4120-livro-27-diario-26-12-2022\/","title":{"rendered":"PLV4120 \u2013 Livro 27 \u2013 Di\u00e1rio, 26\/12\/2022"},"content":{"rendered":"\n<p class=\"has-text-align-right\"><strong>26\/12\/2022<\/strong><\/p>\n\n\n\n<p>Passaram as comemora\u00e7\u00f5es, agora, tudo retorna, come\u00e7am a ressurgir os problemas da vida. Aquilo que nos incomodava antes, ap\u00f3s uma tr\u00e9gua, retorna, como que, com mais for\u00e7a. \u00c9 preciso lembrar que n\u00f3s pr\u00f3prios \u00e9 que criamos os problemas. Os nossos pensamentos nos igualam a Deus, n\u00e3o nos damos conta disso. Essa \u00e9 a causa principal de que nossa estrada seja repleta de pedras, espinhos, cobras e lagartos, e muitas vezes acusamos a Deus por essas dificuldades atrapalharem nosso andar. H\u00e1 uma frase no livro Conversando com Deus, em que Deus diz \u201cDeus apenas observa\u201d. Ele n\u00e3o interfere em nada que nos diga respeito. Tudo em nossa vida tem que partir do pensamento. Tudo o que necessitamos precisa partir de nossos pensamentos, e somente ap\u00f3s, pedir a Deus, ao seu santo de devo\u00e7\u00e3o. Para nossa liberta\u00e7\u00e3o, o maior problema est\u00e1 em nossa parca evolu\u00e7\u00e3o espiritual. \u00c9 por isso que muita coisa que pedimos n\u00e3o recebemos, mas, se juntarmos nosso pensamento ao pensamento de outro maior no reino dos c\u00e9us, certamente se conseguir\u00e1. O in\u00edcio do milagre, sempre est\u00e1 no pr\u00f3prio pensamento. Jesus n\u00e3o correu atr\u00e1s de ningu\u00e9m dizendo \u201cvem c\u00e1 que vou fazer um milagre em ti\u201d. Pelo contr\u00e1rio, desde as Bodas de Cana\u00e3 \u00e0 cura da mulher que sangrava, tudo teve in\u00edcio no pensamento de algu\u00e9m. No momento em que disso te convenceres e fizeres, tua cura, tua liberta\u00e7\u00e3o estar\u00e1 iniciada.<\/p>\n","protected":false},"excerpt":{"rendered":"<p>26\/12\/2022 Passaram as comemora\u00e7\u00f5es, agora, tudo retorna, come\u00e7am a ressurgir os problemas da vida. Aquilo que nos incomodava antes, ap\u00f3s uma tr\u00e9gua, retorna, como que, com mais for\u00e7a. \u00c9 preciso lembrar que n\u00f3s pr\u00f3prios \u00e9 que criamos os problemas. Os nossos pensamentos nos igualam a Deus, n\u00e3o nos damos conta disso. Essa \u00e9 a causa [&hellip;]<\/p>\n","protected":false},"author":1,"featured_media":0,"comment_status":"open","ping_status":"open","sticky":false,"template":"","format":"standard","meta":{"_mi_skip_tracking":false},"categories":[33],"tags":[],"_links":{"self":[{"href":"https:\/\/www.miguelfaccio.com.br\/blog\/index.php\/wp-json\/wp\/v2\/posts\/19446"}],"collection":[{"href":"https:\/\/www.miguelfaccio.com.br\/blog\/index.php\/wp-json\/wp\/v2\/posts"}],"about":[{"href":"https:\/\/www.miguelfaccio.com.br\/blog\/index.php\/wp-json\/wp\/v2\/types\/post"}],"author":[{"embeddable":true,"href":"https:\/\/www.miguelfaccio.com.br\/blog\/index.php\/wp-json\/wp\/v2\/users\/1"}],"replies":[{"embeddable":true,"href":"https:\/\/www.miguelfaccio.com.br\/blog\/index.php\/wp-json\/wp\/v2\/comments?post=19446"}],"version-history":[{"count":1,"href":"https:\/\/www.miguelfaccio.com.br\/blog\/index.php\/wp-json\/wp\/v2\/posts\/19446\/revisions"}],"predecessor-version":[{"id":19447,"href":"https:\/\/www.miguelfaccio.com.br\/blog\/index.php\/wp-json\/wp\/v2\/posts\/19446\/revisions\/19447"}],"wp:attachment":[{"href":"https:\/\/www.miguelfaccio.com.br\/blog\/index.php\/wp-json\/wp\/v2\/media?parent=19446"}],"wp:term":[{"taxonomy":"category","embeddable":true,"href":"https:\/\/www.miguelfaccio.com.br\/blog\/index.php\/wp-json\/wp\/v2\/categories?post=19446"},{"taxonomy":"post_tag","embeddable":true,"href":"https:\/\/www.miguelfaccio.com.br\/blog\/index.php\/wp-json\/wp\/v2\/tags?post=19446"}],"curies":[{"name":"wp","href":"https:\/\/api.w.org\/{rel}","templated":true}]}}