{"id":19437,"date":"2025-06-03T08:41:36","date_gmt":"2025-06-03T11:41:36","guid":{"rendered":"https:\/\/www.miguelfaccio.com.br\/blog\/?p=19437"},"modified":"2025-06-03T08:41:38","modified_gmt":"2025-06-03T11:41:38","slug":"plv4118-livro-27-diario-24-12-2022","status":"publish","type":"post","link":"https:\/\/www.miguelfaccio.com.br\/blog\/index.php\/plv4118-livro-27-diario-24-12-2022\/","title":{"rendered":"PLV4118 \u2013 Livro 27 \u2013 Di\u00e1rio, 24\/12\/2022"},"content":{"rendered":"\n<p class=\"has-text-align-right\"><strong>24\/12\/2022<\/strong><\/p>\n\n\n\n<p>Hoje a cristandade se re\u00fane para rememorar o nascimento do menino que viria trazer o conhecimento do amor, aquele amor t\u00e3o pouco compartilhado aqui no planeta. O nascimento daquele menino estremeceu os c\u00e9us e a terra, a ponto de os anjos entoarem, com suas trombetas, hinos de louvor \u00e0quele ser t\u00e3o pequenino deitado numa manjedoura e era aguardado por animais. Os c\u00e9us concentraram suas luzes que tornou uma simples estrela a emiss\u00e1ria de seu nascimento, pelo brilhar que surgiu nos c\u00e9us, como a dizer a quem desperto fosse: nasceu o redentor do mundo. Os despertos logo tomaram suas montarias e, guiados pelo farol celeste, dirigiram-se ao encontro daquele menino. Que hoje tamb\u00e9m seja um dia de renascimento, um dia de despertar, um dia de abrir o cora\u00e7\u00e3o, dar a oportunidade para que seja tamb\u00e9m a manjedoura onde estar\u00e1, n\u00e3o deitado, mas com todo o seu vigor, conhecimento e consci\u00eancia, abrindo nossa mente \u00e0 import\u00e2ncia de seguir seus passos, obedecer a seus ensinamentos, fazendo-nos ligar \u00e0 fonte de todas as coisas e dar aquele que chamava de Pai o principal assento em nosso cora\u00e7\u00e3o e preencher nossa mente da import\u00e2ncia de dedicar todos os segundos de nosso tempo sobre este planeta na busca de nossa evolu\u00e7\u00e3o espiritual.<\/p>\n","protected":false},"excerpt":{"rendered":"<p>24\/12\/2022 Hoje a cristandade se re\u00fane para rememorar o nascimento do menino que viria trazer o conhecimento do amor, aquele amor t\u00e3o pouco compartilhado aqui no planeta. O nascimento daquele menino estremeceu os c\u00e9us e a terra, a ponto de os anjos entoarem, com suas trombetas, hinos de louvor \u00e0quele ser t\u00e3o pequenino deitado numa [&hellip;]<\/p>\n","protected":false},"author":1,"featured_media":0,"comment_status":"open","ping_status":"open","sticky":false,"template":"","format":"standard","meta":{"_mi_skip_tracking":false},"categories":[33],"tags":[],"_links":{"self":[{"href":"https:\/\/www.miguelfaccio.com.br\/blog\/index.php\/wp-json\/wp\/v2\/posts\/19437"}],"collection":[{"href":"https:\/\/www.miguelfaccio.com.br\/blog\/index.php\/wp-json\/wp\/v2\/posts"}],"about":[{"href":"https:\/\/www.miguelfaccio.com.br\/blog\/index.php\/wp-json\/wp\/v2\/types\/post"}],"author":[{"embeddable":true,"href":"https:\/\/www.miguelfaccio.com.br\/blog\/index.php\/wp-json\/wp\/v2\/users\/1"}],"replies":[{"embeddable":true,"href":"https:\/\/www.miguelfaccio.com.br\/blog\/index.php\/wp-json\/wp\/v2\/comments?post=19437"}],"version-history":[{"count":1,"href":"https:\/\/www.miguelfaccio.com.br\/blog\/index.php\/wp-json\/wp\/v2\/posts\/19437\/revisions"}],"predecessor-version":[{"id":19438,"href":"https:\/\/www.miguelfaccio.com.br\/blog\/index.php\/wp-json\/wp\/v2\/posts\/19437\/revisions\/19438"}],"wp:attachment":[{"href":"https:\/\/www.miguelfaccio.com.br\/blog\/index.php\/wp-json\/wp\/v2\/media?parent=19437"}],"wp:term":[{"taxonomy":"category","embeddable":true,"href":"https:\/\/www.miguelfaccio.com.br\/blog\/index.php\/wp-json\/wp\/v2\/categories?post=19437"},{"taxonomy":"post_tag","embeddable":true,"href":"https:\/\/www.miguelfaccio.com.br\/blog\/index.php\/wp-json\/wp\/v2\/tags?post=19437"}],"curies":[{"name":"wp","href":"https:\/\/api.w.org\/{rel}","templated":true}]}}