{"id":19432,"date":"2025-06-02T09:33:24","date_gmt":"2025-06-02T12:33:24","guid":{"rendered":"https:\/\/www.miguelfaccio.com.br\/blog\/?p=19432"},"modified":"2025-06-02T09:33:25","modified_gmt":"2025-06-02T12:33:25","slug":"plv4117-livro-27-diario-23-12-2022","status":"publish","type":"post","link":"https:\/\/www.miguelfaccio.com.br\/blog\/index.php\/plv4117-livro-27-diario-23-12-2022\/","title":{"rendered":"PLV4117 \u2013 Livro 27 \u2013 Di\u00e1rio, 23\/12\/2022"},"content":{"rendered":"\n<p class=\"has-text-align-right\"><strong>23\/12\/2022<\/strong><\/p>\n\n\n\n<p>Um dos maiores mestres que pisou esse planeta est\u00e1 pr\u00f3ximo o seu retorno para p\u00f4r ordem neste lindo planeta azul, que deveria ser uma estrela brilhante neste universo que nos rodeia. Mas, por diversos fatores, perdeu-se, no rolar dos tempos, por energias vindas de outras plagas que, de certa forma, estabeleceram uma nuvem de negatividade fazendo com que esmorecesse a grande luz que se tornar\u00e1, atrav\u00e9s dos tempos passados e que dificultou enormemente o progresso e o luzir dessa luz divina que iniciar\u00e1 a se estabelecer sobre o planeta, dando oportunidade \u00e0 primeira e \u00e0 segunda ra\u00e7as-ra\u00edzes conseguissem completar com \u00eaxito sua caminhada evolutiva. Demonstrava isso o poderio evolutivo que estava implantado no ber\u00e7o desta terra. Ap\u00f3s o in\u00edcio da terceira ra\u00e7a-raiz, come\u00e7aram a ingressar no planeta entidades, esp\u00edritos egressos de seus planetas de origem, que trouxeram consigo o resultado de suas cria\u00e7\u00f5es desordenadas, causando um ac\u00famulo de energia negativa que iniciaram a dificultar a evolu\u00e7\u00e3o dos filhos da terra. Assim, a sombra se instalou no planeta e, at\u00e9 agora, o in\u00edcio da s\u00e9tima ra\u00e7a-raiz, ainda dominava este planeta. Mas os soldados do cordeiro e seus auxiliares j\u00e1 t\u00eam por feita a limpeza dos redutos das sombras, faltando, apenas, a remo\u00e7\u00e3o de seus cavalos de batalha, que precisam aguardar somente a morte do corpo f\u00edsico para serem, tamb\u00e9m, removidos para outros planetas ainda em in\u00edcio de evolu\u00e7\u00e3o.<\/p>\n","protected":false},"excerpt":{"rendered":"<p>23\/12\/2022 Um dos maiores mestres que pisou esse planeta est\u00e1 pr\u00f3ximo o seu retorno para p\u00f4r ordem neste lindo planeta azul, que deveria ser uma estrela brilhante neste universo que nos rodeia. Mas, por diversos fatores, perdeu-se, no rolar dos tempos, por energias vindas de outras plagas que, de certa forma, estabeleceram uma nuvem de [&hellip;]<\/p>\n","protected":false},"author":1,"featured_media":0,"comment_status":"open","ping_status":"open","sticky":false,"template":"","format":"standard","meta":{"_mi_skip_tracking":false},"categories":[33],"tags":[],"_links":{"self":[{"href":"https:\/\/www.miguelfaccio.com.br\/blog\/index.php\/wp-json\/wp\/v2\/posts\/19432"}],"collection":[{"href":"https:\/\/www.miguelfaccio.com.br\/blog\/index.php\/wp-json\/wp\/v2\/posts"}],"about":[{"href":"https:\/\/www.miguelfaccio.com.br\/blog\/index.php\/wp-json\/wp\/v2\/types\/post"}],"author":[{"embeddable":true,"href":"https:\/\/www.miguelfaccio.com.br\/blog\/index.php\/wp-json\/wp\/v2\/users\/1"}],"replies":[{"embeddable":true,"href":"https:\/\/www.miguelfaccio.com.br\/blog\/index.php\/wp-json\/wp\/v2\/comments?post=19432"}],"version-history":[{"count":1,"href":"https:\/\/www.miguelfaccio.com.br\/blog\/index.php\/wp-json\/wp\/v2\/posts\/19432\/revisions"}],"predecessor-version":[{"id":19433,"href":"https:\/\/www.miguelfaccio.com.br\/blog\/index.php\/wp-json\/wp\/v2\/posts\/19432\/revisions\/19433"}],"wp:attachment":[{"href":"https:\/\/www.miguelfaccio.com.br\/blog\/index.php\/wp-json\/wp\/v2\/media?parent=19432"}],"wp:term":[{"taxonomy":"category","embeddable":true,"href":"https:\/\/www.miguelfaccio.com.br\/blog\/index.php\/wp-json\/wp\/v2\/categories?post=19432"},{"taxonomy":"post_tag","embeddable":true,"href":"https:\/\/www.miguelfaccio.com.br\/blog\/index.php\/wp-json\/wp\/v2\/tags?post=19432"}],"curies":[{"name":"wp","href":"https:\/\/api.w.org\/{rel}","templated":true}]}}