{"id":19428,"date":"2025-06-01T08:28:00","date_gmt":"2025-06-01T11:28:00","guid":{"rendered":"https:\/\/www.miguelfaccio.com.br\/blog\/?p=19428"},"modified":"2025-06-01T08:28:02","modified_gmt":"2025-06-01T11:28:02","slug":"plv4116-livro-27-diario-22-12-2022","status":"publish","type":"post","link":"https:\/\/www.miguelfaccio.com.br\/blog\/index.php\/plv4116-livro-27-diario-22-12-2022\/","title":{"rendered":"PLV4116 \u2013 Livro 27 \u2013 Di\u00e1rio, 22\/12\/2022"},"content":{"rendered":"\n<p class=\"has-text-align-right\"><strong>22\/12\/2022<\/strong><\/p>\n\n\n\n<p>Como seres terr\u00e1queos, estamos vivendo a maior experi\u00eancia j\u00e1 vivida neste planeta. Houve, desde sua cria\u00e7\u00e3o, diversos per\u00edodos excepcionais, em que o planeta sofreu altera\u00e7\u00f5es significativas, mas n\u00e3o consta nada que tenha interferido tanto como o per\u00edodo em que estamos vivendo agora. Em \u00e9pocas remotas, quem teve que se adaptar \u00e0s mudan\u00e7as foi apenas a mat\u00e9ria, a parte material dos seres, talvez, indiretamente, tenha influenciado tamb\u00e9m altera\u00e7\u00e3o da energia que condensa a mat\u00e9ria formando os corpos. Agora, a coisa \u00e9 bem diferente, porque \u00e9 uma mudan\u00e7a que se refira exclusivamente \u00e0 energia, tanto a que envolve a mat\u00e9ria, como, e especialmente, a que d\u00e1 exist\u00eancia ao corpo f\u00edsico humano. Esta era destina-se a subir um degrau na escala evolutiva de cada ser, e ao planeta a aceita\u00e7\u00e3o na Confedera\u00e7\u00e3o Gal\u00e1ctica. Isso pode parecer pouca coisa, mas, se quisermos fazer uma compara\u00e7\u00e3o, pode-se usar esta: um distrito ser elevado \u00e0 categoria de munic\u00edpio. Ao esp\u00edrito humano, sair de uma escola prim\u00e1ria e ingressar em uma grande universidade. \u00c9 o que est\u00e1 acontecendo agora com o planeta, ali\u00e1s, j\u00e1 aconteceu com a Terra. Para completar essa transforma\u00e7\u00e3o, s\u00f3 falta serem retirados daqui aqueles humanos que n\u00e3o poder\u00e3o acompanhar a nova Terra em quinta dimens\u00e3o. A terceira dimens\u00e3o j\u00e1 n\u00e3o existe mais. S\u00f3 falta retirar o rabo das sombras que tentam, de qualquer modo, continuar aqui, atrav\u00e9s de seus escravos mentais.<\/p>\n","protected":false},"excerpt":{"rendered":"<p>22\/12\/2022 Como seres terr\u00e1queos, estamos vivendo a maior experi\u00eancia j\u00e1 vivida neste planeta. Houve, desde sua cria\u00e7\u00e3o, diversos per\u00edodos excepcionais, em que o planeta sofreu altera\u00e7\u00f5es significativas, mas n\u00e3o consta nada que tenha interferido tanto como o per\u00edodo em que estamos vivendo agora. Em \u00e9pocas remotas, quem teve que se adaptar \u00e0s mudan\u00e7as foi apenas [&hellip;]<\/p>\n","protected":false},"author":1,"featured_media":0,"comment_status":"open","ping_status":"open","sticky":false,"template":"","format":"standard","meta":{"_mi_skip_tracking":false},"categories":[33],"tags":[],"_links":{"self":[{"href":"https:\/\/www.miguelfaccio.com.br\/blog\/index.php\/wp-json\/wp\/v2\/posts\/19428"}],"collection":[{"href":"https:\/\/www.miguelfaccio.com.br\/blog\/index.php\/wp-json\/wp\/v2\/posts"}],"about":[{"href":"https:\/\/www.miguelfaccio.com.br\/blog\/index.php\/wp-json\/wp\/v2\/types\/post"}],"author":[{"embeddable":true,"href":"https:\/\/www.miguelfaccio.com.br\/blog\/index.php\/wp-json\/wp\/v2\/users\/1"}],"replies":[{"embeddable":true,"href":"https:\/\/www.miguelfaccio.com.br\/blog\/index.php\/wp-json\/wp\/v2\/comments?post=19428"}],"version-history":[{"count":1,"href":"https:\/\/www.miguelfaccio.com.br\/blog\/index.php\/wp-json\/wp\/v2\/posts\/19428\/revisions"}],"predecessor-version":[{"id":19429,"href":"https:\/\/www.miguelfaccio.com.br\/blog\/index.php\/wp-json\/wp\/v2\/posts\/19428\/revisions\/19429"}],"wp:attachment":[{"href":"https:\/\/www.miguelfaccio.com.br\/blog\/index.php\/wp-json\/wp\/v2\/media?parent=19428"}],"wp:term":[{"taxonomy":"category","embeddable":true,"href":"https:\/\/www.miguelfaccio.com.br\/blog\/index.php\/wp-json\/wp\/v2\/categories?post=19428"},{"taxonomy":"post_tag","embeddable":true,"href":"https:\/\/www.miguelfaccio.com.br\/blog\/index.php\/wp-json\/wp\/v2\/tags?post=19428"}],"curies":[{"name":"wp","href":"https:\/\/api.w.org\/{rel}","templated":true}]}}