{"id":19424,"date":"2025-05-31T08:25:46","date_gmt":"2025-05-31T11:25:46","guid":{"rendered":"https:\/\/www.miguelfaccio.com.br\/blog\/?p=19424"},"modified":"2025-05-31T08:25:48","modified_gmt":"2025-05-31T11:25:48","slug":"plv4115-livro-27-diario-21-12-2022","status":"publish","type":"post","link":"https:\/\/www.miguelfaccio.com.br\/blog\/index.php\/plv4115-livro-27-diario-21-12-2022\/","title":{"rendered":"PLV4115 \u2013 Livro 27 \u2013 Di\u00e1rio, 21\/12\/2022"},"content":{"rendered":"\n<p class=\"has-text-align-right\"><strong>21\/12\/2022<\/strong><\/p>\n\n\n\n<p>Os dias, para o corpo f\u00edsico, s\u00e3o seus par\u00e2metros, mas os par\u00e2metros que estabelecem a vida n\u00e3o podem ser s\u00f3 esses. S\u00e3o necess\u00e1rios muitos outros para dar um equil\u00edbrio para a dualidade. Nunca se pode esquecer que a vida n\u00e3o \u00e9 s\u00f3 o corpo f\u00edsico, porque esse, em realidade, \u00e9 apenas consequ\u00eancia da vida. Na forma\u00e7\u00e3o do corpo f\u00edsico, h\u00e1 milhares de mir\u00edades de vidas menores que lhe d\u00e3o a exist\u00eancia, e uma vida maior que forma ent\u00e3o a dualidade corpo\/esp\u00edrito. A principal finalidade do corpo \u00e9 ser um instrumento do esp\u00edrito. Na ignor\u00e2ncia dessa finalidade, o corpo que det\u00e9m o poder criador atrav\u00e9s do pensamento, pode tornar-se inimigo de si mesmo pois condiciona sua pr\u00f3pria ess\u00eancia a ter que resgatar aquilo que praticou contra a grande lei. Quem n\u00e3o consegue distinguir a import\u00e2ncia e interdepend\u00eancia que o esp\u00edrito tem do corpo, como, tamb\u00e9m, o corpo tem do esp\u00edrito. Nos esquecemos que o corpo sou eu e que o esp\u00edrito tamb\u00e9m sou eu. O esp\u00edrito jamais vai ferir o corpo, porque sabe que estar\u00e1 ferindo a si pr\u00f3prio. O corpo como n\u00e3o tem essa no\u00e7\u00e3o, se acha no direito de fazer aquilo que sua insanidade dita. Inclusive, julga que a morte do corpo \u00e9 o fim de tudo. Este \u00e9 seu maior engano. \u00c9 tamb\u00e9m a causa de tanta cria\u00e7\u00e3o desordenada, criada pelo seu pensamento, que far\u00e1 seu esp\u00edrito necessitar de v\u00e1rias encarna\u00e7\u00f5es para limpar-se da carga de energia negativa lan\u00e7ada sobre suas costas, causadas pela ignor\u00e2ncia de seu corpo f\u00edsico.<\/p>\n","protected":false},"excerpt":{"rendered":"<p>21\/12\/2022 Os dias, para o corpo f\u00edsico, s\u00e3o seus par\u00e2metros, mas os par\u00e2metros que estabelecem a vida n\u00e3o podem ser s\u00f3 esses. S\u00e3o necess\u00e1rios muitos outros para dar um equil\u00edbrio para a dualidade. Nunca se pode esquecer que a vida n\u00e3o \u00e9 s\u00f3 o corpo f\u00edsico, porque esse, em realidade, \u00e9 apenas consequ\u00eancia da vida. [&hellip;]<\/p>\n","protected":false},"author":1,"featured_media":0,"comment_status":"open","ping_status":"open","sticky":false,"template":"","format":"standard","meta":{"_mi_skip_tracking":false},"categories":[33],"tags":[],"_links":{"self":[{"href":"https:\/\/www.miguelfaccio.com.br\/blog\/index.php\/wp-json\/wp\/v2\/posts\/19424"}],"collection":[{"href":"https:\/\/www.miguelfaccio.com.br\/blog\/index.php\/wp-json\/wp\/v2\/posts"}],"about":[{"href":"https:\/\/www.miguelfaccio.com.br\/blog\/index.php\/wp-json\/wp\/v2\/types\/post"}],"author":[{"embeddable":true,"href":"https:\/\/www.miguelfaccio.com.br\/blog\/index.php\/wp-json\/wp\/v2\/users\/1"}],"replies":[{"embeddable":true,"href":"https:\/\/www.miguelfaccio.com.br\/blog\/index.php\/wp-json\/wp\/v2\/comments?post=19424"}],"version-history":[{"count":1,"href":"https:\/\/www.miguelfaccio.com.br\/blog\/index.php\/wp-json\/wp\/v2\/posts\/19424\/revisions"}],"predecessor-version":[{"id":19425,"href":"https:\/\/www.miguelfaccio.com.br\/blog\/index.php\/wp-json\/wp\/v2\/posts\/19424\/revisions\/19425"}],"wp:attachment":[{"href":"https:\/\/www.miguelfaccio.com.br\/blog\/index.php\/wp-json\/wp\/v2\/media?parent=19424"}],"wp:term":[{"taxonomy":"category","embeddable":true,"href":"https:\/\/www.miguelfaccio.com.br\/blog\/index.php\/wp-json\/wp\/v2\/categories?post=19424"},{"taxonomy":"post_tag","embeddable":true,"href":"https:\/\/www.miguelfaccio.com.br\/blog\/index.php\/wp-json\/wp\/v2\/tags?post=19424"}],"curies":[{"name":"wp","href":"https:\/\/api.w.org\/{rel}","templated":true}]}}