{"id":19420,"date":"2025-05-30T08:46:38","date_gmt":"2025-05-30T11:46:38","guid":{"rendered":"https:\/\/www.miguelfaccio.com.br\/blog\/?p=19420"},"modified":"2025-05-30T08:46:40","modified_gmt":"2025-05-30T11:46:40","slug":"plv4114-livro-27-diario-20-12-2022","status":"publish","type":"post","link":"https:\/\/www.miguelfaccio.com.br\/blog\/index.php\/plv4114-livro-27-diario-20-12-2022\/","title":{"rendered":"PLV4114 \u2013 Livro 27 \u2013 Di\u00e1rio, 20\/12\/2022"},"content":{"rendered":"\n<p class=\"has-text-align-right\"><strong>20\/12\/2022<\/strong><\/p>\n\n\n\n<p>Por todos os tempos j\u00e1 percorridos desde a cria\u00e7\u00e3o da Terra, muita \u00e1gua j\u00e1 passou por debaixo dessa ponte. J\u00e1 passou por per\u00edodos calmos que auxiliaram a evoluir, especialmente a primeira e a segunda ra\u00e7as-ra\u00edzes. Foram os pioneiros a desbravar as terras de nosso novel planeta. Tiveram como auxiliares dessa evolu\u00e7\u00e3o apenas a energia do planeta, que, apesar de pouca, foi fundamental para esses primeiros guerreiros conseguirem alcan\u00e7ar sua evolu\u00e7\u00e3o espiritual. J\u00e1, com a terceira ra\u00e7a-raiz, surgiram os egressos de outros planetas de outros sistemas solares, relocadas aqui, mas trouxeram junto consigo as causas que determinaram sua expuls\u00e3o do planeta de origem. Dessas, muitas causadas pelas sombras que desestruturaram suas condi\u00e7\u00f5es de filhos de Deus em busca de sua evolu\u00e7\u00e3o, fazendo com que se tornassem os pr\u00f3prios emiss\u00e1rios das sombras. Aqui, desestabilizaram de tal forma a paz e a harmonia reinante que inviabilizou a muitos, sua evolu\u00e7\u00e3o, sua mestria, formando-se andarilhos por corpos f\u00edsicos, e muitos afundando-se nas garras das sombras, tornando-se seus cavalos de batalha, levando a diversas sub-ra\u00e7as o desequil\u00edbrio e o esquecimento de sua principal busca na mat\u00e9ria, que \u00e9 a evolu\u00e7\u00e3o espiritual, a mestria. Hoje, iniciando a s\u00e9tima ra\u00e7a-raiz o planeta tamb\u00e9m sobe de categoria, ingressando na quinta dimens\u00e3o. Aqueles que n\u00e3o foram capazes de evoluir, das ra\u00e7as anteriores, ter\u00e3o que ser realocados para outros planetas, e l\u00e1 ter\u00e3o que reiniciar sua evolu\u00e7\u00e3o espiritual.<\/p>\n","protected":false},"excerpt":{"rendered":"<p>20\/12\/2022 Por todos os tempos j\u00e1 percorridos desde a cria\u00e7\u00e3o da Terra, muita \u00e1gua j\u00e1 passou por debaixo dessa ponte. J\u00e1 passou por per\u00edodos calmos que auxiliaram a evoluir, especialmente a primeira e a segunda ra\u00e7as-ra\u00edzes. Foram os pioneiros a desbravar as terras de nosso novel planeta. Tiveram como auxiliares dessa evolu\u00e7\u00e3o apenas a energia [&hellip;]<\/p>\n","protected":false},"author":1,"featured_media":0,"comment_status":"open","ping_status":"open","sticky":false,"template":"","format":"standard","meta":{"_mi_skip_tracking":false},"categories":[33],"tags":[],"_links":{"self":[{"href":"https:\/\/www.miguelfaccio.com.br\/blog\/index.php\/wp-json\/wp\/v2\/posts\/19420"}],"collection":[{"href":"https:\/\/www.miguelfaccio.com.br\/blog\/index.php\/wp-json\/wp\/v2\/posts"}],"about":[{"href":"https:\/\/www.miguelfaccio.com.br\/blog\/index.php\/wp-json\/wp\/v2\/types\/post"}],"author":[{"embeddable":true,"href":"https:\/\/www.miguelfaccio.com.br\/blog\/index.php\/wp-json\/wp\/v2\/users\/1"}],"replies":[{"embeddable":true,"href":"https:\/\/www.miguelfaccio.com.br\/blog\/index.php\/wp-json\/wp\/v2\/comments?post=19420"}],"version-history":[{"count":1,"href":"https:\/\/www.miguelfaccio.com.br\/blog\/index.php\/wp-json\/wp\/v2\/posts\/19420\/revisions"}],"predecessor-version":[{"id":19421,"href":"https:\/\/www.miguelfaccio.com.br\/blog\/index.php\/wp-json\/wp\/v2\/posts\/19420\/revisions\/19421"}],"wp:attachment":[{"href":"https:\/\/www.miguelfaccio.com.br\/blog\/index.php\/wp-json\/wp\/v2\/media?parent=19420"}],"wp:term":[{"taxonomy":"category","embeddable":true,"href":"https:\/\/www.miguelfaccio.com.br\/blog\/index.php\/wp-json\/wp\/v2\/categories?post=19420"},{"taxonomy":"post_tag","embeddable":true,"href":"https:\/\/www.miguelfaccio.com.br\/blog\/index.php\/wp-json\/wp\/v2\/tags?post=19420"}],"curies":[{"name":"wp","href":"https:\/\/api.w.org\/{rel}","templated":true}]}}