{"id":19416,"date":"2025-05-29T09:08:07","date_gmt":"2025-05-29T12:08:07","guid":{"rendered":"https:\/\/www.miguelfaccio.com.br\/blog\/?p=19416"},"modified":"2025-05-29T09:08:09","modified_gmt":"2025-05-29T12:08:09","slug":"plv4113-livro-27-diario-19-12-2022","status":"publish","type":"post","link":"https:\/\/www.miguelfaccio.com.br\/blog\/index.php\/plv4113-livro-27-diario-19-12-2022\/","title":{"rendered":"PLV4113 \u2013 Livro 27 \u2013 Di\u00e1rio, 19\/12\/2022"},"content":{"rendered":"\n<p class=\"has-text-align-right\"><strong>19\/12\/2022<\/strong><\/p>\n\n\n\n<p>Precisamos acordar deste sono let\u00e1rgico, que implantaram em nosso consciente, nestes longos tempos em que a esquerda vem martelando sua l\u00f3gica invertida e isso est\u00e1 causando um amortecimento nas rea\u00e7\u00f5es da popula\u00e7\u00e3o quanto \u00e0 maior verdade que \u00e9: o poder emana do povo. Isso est\u00e1 escrito em nossa Constitui\u00e7\u00e3o. Ao menos os pa\u00edses cuja forma de governo ainda \u00e9 a democracia. N\u00e3o se fala dos pa\u00edses totalit\u00e1rios, porque, nestes, quem manda \u00e9 o ditador, aquele que det\u00e9m o poder de vida e morte de seu povo e at\u00e9 de seus pensamentos, quanto mais de uma religi\u00e3o. Na propaganda enganosa que fazem, e especialmente aqui no Brasil, se apegam muito em dividir as riquezas, mas este dividir as riquezas excluem o povo, e tudo \u00e9 revertido para aqueles que comandam esse socialismo. Ao povo, restam as sobras e a mis\u00e9ria. N\u00e3o precisa ir muito longe para ver, at\u00e9 com os pr\u00f3prios olhos, essa realidade estampada nos nossos pa\u00edses vizinhos. N\u00e3o v\u00ea quem n\u00e3o quer. N\u00e3o v\u00ea quem n\u00e3o amealha par\u00e2metros para basear suas informa\u00e7\u00f5es, e estes, quando h\u00e1, s\u00e3o falsos ou falseados propositalmente para trazer mais incautos para seu rebanho. Esses comandantes, velhas raposas, sequer lhes pesa na consci\u00eancia a facilidade com que enganam, n\u00e3o s\u00f3 um povo ignorante e incapaz de usar sua massa cinzenta como tamb\u00e9m falseiam as institui\u00e7\u00f5es para lhes servir de instrumento de ascens\u00e3o ao governo de um pa\u00eds.<\/p>\n","protected":false},"excerpt":{"rendered":"<p>19\/12\/2022 Precisamos acordar deste sono let\u00e1rgico, que implantaram em nosso consciente, nestes longos tempos em que a esquerda vem martelando sua l\u00f3gica invertida e isso est\u00e1 causando um amortecimento nas rea\u00e7\u00f5es da popula\u00e7\u00e3o quanto \u00e0 maior verdade que \u00e9: o poder emana do povo. Isso est\u00e1 escrito em nossa Constitui\u00e7\u00e3o. Ao menos os pa\u00edses cuja [&hellip;]<\/p>\n","protected":false},"author":1,"featured_media":0,"comment_status":"open","ping_status":"open","sticky":false,"template":"","format":"standard","meta":{"_mi_skip_tracking":false},"categories":[33],"tags":[],"_links":{"self":[{"href":"https:\/\/www.miguelfaccio.com.br\/blog\/index.php\/wp-json\/wp\/v2\/posts\/19416"}],"collection":[{"href":"https:\/\/www.miguelfaccio.com.br\/blog\/index.php\/wp-json\/wp\/v2\/posts"}],"about":[{"href":"https:\/\/www.miguelfaccio.com.br\/blog\/index.php\/wp-json\/wp\/v2\/types\/post"}],"author":[{"embeddable":true,"href":"https:\/\/www.miguelfaccio.com.br\/blog\/index.php\/wp-json\/wp\/v2\/users\/1"}],"replies":[{"embeddable":true,"href":"https:\/\/www.miguelfaccio.com.br\/blog\/index.php\/wp-json\/wp\/v2\/comments?post=19416"}],"version-history":[{"count":1,"href":"https:\/\/www.miguelfaccio.com.br\/blog\/index.php\/wp-json\/wp\/v2\/posts\/19416\/revisions"}],"predecessor-version":[{"id":19417,"href":"https:\/\/www.miguelfaccio.com.br\/blog\/index.php\/wp-json\/wp\/v2\/posts\/19416\/revisions\/19417"}],"wp:attachment":[{"href":"https:\/\/www.miguelfaccio.com.br\/blog\/index.php\/wp-json\/wp\/v2\/media?parent=19416"}],"wp:term":[{"taxonomy":"category","embeddable":true,"href":"https:\/\/www.miguelfaccio.com.br\/blog\/index.php\/wp-json\/wp\/v2\/categories?post=19416"},{"taxonomy":"post_tag","embeddable":true,"href":"https:\/\/www.miguelfaccio.com.br\/blog\/index.php\/wp-json\/wp\/v2\/tags?post=19416"}],"curies":[{"name":"wp","href":"https:\/\/api.w.org\/{rel}","templated":true}]}}