{"id":19412,"date":"2025-05-28T09:01:02","date_gmt":"2025-05-28T12:01:02","guid":{"rendered":"https:\/\/www.miguelfaccio.com.br\/blog\/?p=19412"},"modified":"2025-05-28T09:01:04","modified_gmt":"2025-05-28T12:01:04","slug":"plv4112-livro-27-diario-18-12-2022","status":"publish","type":"post","link":"https:\/\/www.miguelfaccio.com.br\/blog\/index.php\/plv4112-livro-27-diario-18-12-2022\/","title":{"rendered":"PLV4112 \u2013 Livro 27 \u2013 Di\u00e1rio, 18\/12\/2022"},"content":{"rendered":"\n<p class=\"has-text-align-right\"><strong>18\/12\/2022<\/strong><\/p>\n\n\n\n<p>Restam poucos dias para que o Brasil saia dessa enrascada em que est\u00e1 metido. \u00c9 necess\u00e1ria uma virada muito grande para afastar do poder aqueles que querem usurpar n\u00e3o s\u00f3 a riqueza, mas at\u00e9 a dignidade do povo brasileiro. \u00c9 necess\u00e1rio que as for\u00e7as do universo deem suporte para que a for\u00e7a do povo de bem n\u00e3o esmore\u00e7a, pois est\u00e1 em jogo a dignidade de, possivelmente, um dos maiores pa\u00edses de nosso planeta, ao menos o mais produtivo, que consegue p\u00f4r \u00e0 mesa de boa parte da humanidade deste planeta, o alimento para saciar a fome. N\u00e3o seria somente por isso, mas, tamb\u00e9m, pelas consequ\u00eancias advindas da implanta\u00e7\u00e3o do comunismo neste povo ordeiro e de bons princ\u00edpios. \u00c9 preciso que quem n\u00e3o possa estar presente de corpo, ao menos a mente dever\u00e1 emitir energias para refor\u00e7ar as fileiras daqueles que, de bom grado, est\u00e3o ao sol e chuva, plantados em frente aos quart\u00e9is, fazendo coro para uma tomada de posi\u00e7\u00e3o nesta quest\u00e3o t\u00e3o importante. N\u00e3o adianta o povo ser de boa \u00edndole, mas os governantes puxando o barco para tr\u00e1s. O povo \u00e9 o dono do pa\u00eds, e seus governantes s\u00e3o eleitos, ou impostos por quem, no poder judici\u00e1rio, elegem aqueles que se coadunam com suas artimanhas. Fico me perguntando: como pode? A Terra ser elevada para a quinta dimens\u00e3o e haver ganho uma elei\u00e7\u00e3o pessoas t\u00e3o corruptas que deveriam estar convivendo com os homens das cavernas. N\u00e3o vamos entregar f\u00e1cil, ver o que vai dar.<\/p>\n","protected":false},"excerpt":{"rendered":"<p>18\/12\/2022 Restam poucos dias para que o Brasil saia dessa enrascada em que est\u00e1 metido. \u00c9 necess\u00e1ria uma virada muito grande para afastar do poder aqueles que querem usurpar n\u00e3o s\u00f3 a riqueza, mas at\u00e9 a dignidade do povo brasileiro. \u00c9 necess\u00e1rio que as for\u00e7as do universo deem suporte para que a for\u00e7a do povo [&hellip;]<\/p>\n","protected":false},"author":1,"featured_media":0,"comment_status":"open","ping_status":"open","sticky":false,"template":"","format":"standard","meta":{"_mi_skip_tracking":false},"categories":[33],"tags":[],"_links":{"self":[{"href":"https:\/\/www.miguelfaccio.com.br\/blog\/index.php\/wp-json\/wp\/v2\/posts\/19412"}],"collection":[{"href":"https:\/\/www.miguelfaccio.com.br\/blog\/index.php\/wp-json\/wp\/v2\/posts"}],"about":[{"href":"https:\/\/www.miguelfaccio.com.br\/blog\/index.php\/wp-json\/wp\/v2\/types\/post"}],"author":[{"embeddable":true,"href":"https:\/\/www.miguelfaccio.com.br\/blog\/index.php\/wp-json\/wp\/v2\/users\/1"}],"replies":[{"embeddable":true,"href":"https:\/\/www.miguelfaccio.com.br\/blog\/index.php\/wp-json\/wp\/v2\/comments?post=19412"}],"version-history":[{"count":1,"href":"https:\/\/www.miguelfaccio.com.br\/blog\/index.php\/wp-json\/wp\/v2\/posts\/19412\/revisions"}],"predecessor-version":[{"id":19413,"href":"https:\/\/www.miguelfaccio.com.br\/blog\/index.php\/wp-json\/wp\/v2\/posts\/19412\/revisions\/19413"}],"wp:attachment":[{"href":"https:\/\/www.miguelfaccio.com.br\/blog\/index.php\/wp-json\/wp\/v2\/media?parent=19412"}],"wp:term":[{"taxonomy":"category","embeddable":true,"href":"https:\/\/www.miguelfaccio.com.br\/blog\/index.php\/wp-json\/wp\/v2\/categories?post=19412"},{"taxonomy":"post_tag","embeddable":true,"href":"https:\/\/www.miguelfaccio.com.br\/blog\/index.php\/wp-json\/wp\/v2\/tags?post=19412"}],"curies":[{"name":"wp","href":"https:\/\/api.w.org\/{rel}","templated":true}]}}