{"id":19408,"date":"2025-05-27T07:53:09","date_gmt":"2025-05-27T10:53:09","guid":{"rendered":"https:\/\/www.miguelfaccio.com.br\/blog\/?p=19408"},"modified":"2025-05-27T07:53:11","modified_gmt":"2025-05-27T10:53:11","slug":"plv4111-livro-27-diario-17-12-2022","status":"publish","type":"post","link":"https:\/\/www.miguelfaccio.com.br\/blog\/index.php\/plv4111-livro-27-diario-17-12-2022\/","title":{"rendered":"PLV4111 \u2013 Livro 27 \u2013 Di\u00e1rio, 17\/12\/2022"},"content":{"rendered":"\n<p class=\"has-text-align-right\"><strong>17\/12\/2022<\/strong><\/p>\n\n\n\n<p>O nosso caminho \u00e9 preenchido por tudo o que encontramos, sejam pessoas, seja qualquer outra coisa. Isso tudo far\u00e1 parte desse trajeto determinado pela exist\u00eancia do velho corpo. Pode-se at\u00e9 afirmar que tudo saiu da cria\u00e7\u00e3o de nossos pensamentos em vidas f\u00edsicas anteriores de nosso esp\u00edrito. Sempre esquecemos que, de acordo com o livro sagrado, Deus nos criou \u00e0 sua imagem e semelhan\u00e7a. O pior de tudo \u00e9 que j\u00e1 lemos, j\u00e1 ouvimos en\u00e9simas vezes, j\u00e1 dissemos outras tantas, mas nosso consciente f\u00edsico n\u00e3o consegue se convencer dessa realidade. Digo realidade, sim, pois \u00e9 isso que somos. Uma part\u00edcula do Deus Uno, que em tudo est\u00e1, atrav\u00e9s de sua energia, e a tudo comanda. Ao ser privilegiado da cria\u00e7\u00e3o, o ser humano dotou do poder de criar atrav\u00e9s do pensamento, assim, criando-se e recriando-se em tudo o que lhe diz respeito, alcan\u00e7ar sua evolu\u00e7\u00e3o espiritual. Por incr\u00edvel que pare\u00e7a, seu pensamento cria at\u00e9 seu futuro corpo e, n\u00e3o s\u00f3 aquilo que o rodeia. \u00c9 isto que somos como Deus, mas a incapacidade de nosso consciente f\u00edsico entender duvida at\u00e9 das palavras de Deus, no G\u00eanesis, quando diz: \u201cfa\u00e7amos o homem \u00e0 nossa imagem e semelhan\u00e7a\u201d. Por isso, tudo o que est\u00e1 agregado \u00e0 caminhada terrena teve como origem a pr\u00f3pria cria\u00e7\u00e3o. Isso est\u00e1 expresso por Jesus em seu ensinamento: \u201cA semeadura \u00e9 livre, mas a colheita \u00e9 obrigat\u00f3ria\u201d. Se plantamos, n\u00e3o \u00e9 o corpo que planta, \u00e9 o esp\u00edrito que est\u00e1 dentro do corpo, e ele ter\u00e1 que colher o que plantou. N\u00e3o importa o tempo que leve.<\/p>\n","protected":false},"excerpt":{"rendered":"<p>17\/12\/2022 O nosso caminho \u00e9 preenchido por tudo o que encontramos, sejam pessoas, seja qualquer outra coisa. Isso tudo far\u00e1 parte desse trajeto determinado pela exist\u00eancia do velho corpo. Pode-se at\u00e9 afirmar que tudo saiu da cria\u00e7\u00e3o de nossos pensamentos em vidas f\u00edsicas anteriores de nosso esp\u00edrito. Sempre esquecemos que, de acordo com o livro [&hellip;]<\/p>\n","protected":false},"author":1,"featured_media":0,"comment_status":"open","ping_status":"open","sticky":false,"template":"","format":"standard","meta":{"_mi_skip_tracking":false},"categories":[33],"tags":[],"_links":{"self":[{"href":"https:\/\/www.miguelfaccio.com.br\/blog\/index.php\/wp-json\/wp\/v2\/posts\/19408"}],"collection":[{"href":"https:\/\/www.miguelfaccio.com.br\/blog\/index.php\/wp-json\/wp\/v2\/posts"}],"about":[{"href":"https:\/\/www.miguelfaccio.com.br\/blog\/index.php\/wp-json\/wp\/v2\/types\/post"}],"author":[{"embeddable":true,"href":"https:\/\/www.miguelfaccio.com.br\/blog\/index.php\/wp-json\/wp\/v2\/users\/1"}],"replies":[{"embeddable":true,"href":"https:\/\/www.miguelfaccio.com.br\/blog\/index.php\/wp-json\/wp\/v2\/comments?post=19408"}],"version-history":[{"count":1,"href":"https:\/\/www.miguelfaccio.com.br\/blog\/index.php\/wp-json\/wp\/v2\/posts\/19408\/revisions"}],"predecessor-version":[{"id":19409,"href":"https:\/\/www.miguelfaccio.com.br\/blog\/index.php\/wp-json\/wp\/v2\/posts\/19408\/revisions\/19409"}],"wp:attachment":[{"href":"https:\/\/www.miguelfaccio.com.br\/blog\/index.php\/wp-json\/wp\/v2\/media?parent=19408"}],"wp:term":[{"taxonomy":"category","embeddable":true,"href":"https:\/\/www.miguelfaccio.com.br\/blog\/index.php\/wp-json\/wp\/v2\/categories?post=19408"},{"taxonomy":"post_tag","embeddable":true,"href":"https:\/\/www.miguelfaccio.com.br\/blog\/index.php\/wp-json\/wp\/v2\/tags?post=19408"}],"curies":[{"name":"wp","href":"https:\/\/api.w.org\/{rel}","templated":true}]}}