{"id":19403,"date":"2025-05-26T08:27:52","date_gmt":"2025-05-26T11:27:52","guid":{"rendered":"https:\/\/www.miguelfaccio.com.br\/blog\/?p=19403"},"modified":"2025-05-26T08:27:55","modified_gmt":"2025-05-26T11:27:55","slug":"plv4110-livro-27-diario-16-12-2022","status":"publish","type":"post","link":"https:\/\/www.miguelfaccio.com.br\/blog\/index.php\/plv4110-livro-27-diario-16-12-2022\/","title":{"rendered":"PLV4110 \u2013 Livro 27 \u2013 Di\u00e1rio, 16\/12\/2022"},"content":{"rendered":"\n<p class=\"has-text-align-right\"><strong>16\/12\/2022<\/strong><\/p>\n\n\n\n<p>Eu sei muito bem que os projetos estabelecidos para cada ser neste universo sofrem as consequ\u00eancias das cria\u00e7\u00f5es humanas, porque o ser humano que se iguala a Deus tem o poder de criar, pelo pensamento, e toda sua cria\u00e7\u00e3o n\u00e3o \u00e9 em v\u00e3o, tem suas consequ\u00eancias, que s\u00f3 se estendem a si, ao meio onde est\u00e1 inserido, ao planeta e at\u00e9 ao universo, pois tudo \u00e9 uma coisa s\u00f3. Cada ser \u00e9 um \u00e1tomo que forma um todo. Este todo \u00e9 chamado de Deus em A\u00e7\u00e3o. Por isso, compreendendo a complexidade que se estabelece para a boa execu\u00e7\u00e3o do planejamento, no caso, nosso planeta Terra e suas unidades, pa\u00edses. Sempre que surgirem informa\u00e7\u00f5es do alto, estabelecendo datas, seja l\u00e1 da fonte que for, e quando chegam essas datas e n\u00e3o se cumpre aquilo que havia sido estabelecido, fico, um tanto chateado, pesaroso, receoso porque sempre leva o pensamento a duvidar das informa\u00e7\u00f5es. Quando se p\u00f5e em d\u00favida a mensagem do informante, leva a perder a credibilidade de suas informa\u00e7\u00f5es. Sei muito bem que, no n\u00edvel do esp\u00edrito, tudo pode estar acontecendo, mas estamos no n\u00edvel da mat\u00e9ria e, aqui, tudo precisa rebater na mat\u00e9ria, porque \u00e9 assim que se v\u00ea, se entende e se estabelecem as coisas. Por mais que a mente aceite, n\u00e3o condizem com os par\u00e2metros materiais contidos em nosso consciente exterior.<\/p>\n","protected":false},"excerpt":{"rendered":"<p>16\/12\/2022 Eu sei muito bem que os projetos estabelecidos para cada ser neste universo sofrem as consequ\u00eancias das cria\u00e7\u00f5es humanas, porque o ser humano que se iguala a Deus tem o poder de criar, pelo pensamento, e toda sua cria\u00e7\u00e3o n\u00e3o \u00e9 em v\u00e3o, tem suas consequ\u00eancias, que s\u00f3 se estendem a si, ao meio [&hellip;]<\/p>\n","protected":false},"author":1,"featured_media":0,"comment_status":"open","ping_status":"open","sticky":false,"template":"","format":"standard","meta":{"_mi_skip_tracking":false},"categories":[33],"tags":[],"_links":{"self":[{"href":"https:\/\/www.miguelfaccio.com.br\/blog\/index.php\/wp-json\/wp\/v2\/posts\/19403"}],"collection":[{"href":"https:\/\/www.miguelfaccio.com.br\/blog\/index.php\/wp-json\/wp\/v2\/posts"}],"about":[{"href":"https:\/\/www.miguelfaccio.com.br\/blog\/index.php\/wp-json\/wp\/v2\/types\/post"}],"author":[{"embeddable":true,"href":"https:\/\/www.miguelfaccio.com.br\/blog\/index.php\/wp-json\/wp\/v2\/users\/1"}],"replies":[{"embeddable":true,"href":"https:\/\/www.miguelfaccio.com.br\/blog\/index.php\/wp-json\/wp\/v2\/comments?post=19403"}],"version-history":[{"count":1,"href":"https:\/\/www.miguelfaccio.com.br\/blog\/index.php\/wp-json\/wp\/v2\/posts\/19403\/revisions"}],"predecessor-version":[{"id":19404,"href":"https:\/\/www.miguelfaccio.com.br\/blog\/index.php\/wp-json\/wp\/v2\/posts\/19403\/revisions\/19404"}],"wp:attachment":[{"href":"https:\/\/www.miguelfaccio.com.br\/blog\/index.php\/wp-json\/wp\/v2\/media?parent=19403"}],"wp:term":[{"taxonomy":"category","embeddable":true,"href":"https:\/\/www.miguelfaccio.com.br\/blog\/index.php\/wp-json\/wp\/v2\/categories?post=19403"},{"taxonomy":"post_tag","embeddable":true,"href":"https:\/\/www.miguelfaccio.com.br\/blog\/index.php\/wp-json\/wp\/v2\/tags?post=19403"}],"curies":[{"name":"wp","href":"https:\/\/api.w.org\/{rel}","templated":true}]}}