{"id":1940,"date":"2014-04-25T12:01:24","date_gmt":"2014-04-25T12:01:24","guid":{"rendered":"http:\/\/www.miguelfaccio.com.br\/blog\/?p=1940"},"modified":"2014-04-25T12:01:24","modified_gmt":"2014-04-25T12:01:24","slug":"rcd197-raios-ou-chamas","status":"publish","type":"post","link":"https:\/\/www.miguelfaccio.com.br\/blog\/index.php\/rcd197-raios-ou-chamas\/","title":{"rendered":"RCD197 Raios ou Chamas"},"content":{"rendered":"<p>&nbsp;<\/p>\n<p style=\"text-align: right;\"><strong><span style=\"color: #ff00ff;\">SUMULA DO CONSELHO C\u00c1RMICO<\/span><\/strong><\/p>\n<p>continua\u00e7\u00e3o<\/p>\n<p>Para tanto, foi designado o m\u00e9dico brasileiro, Dr. Bezerra de Menezes, para acompanhar o processo de remo\u00e7\u00e3o, condu\u00e7\u00e3o e recoloca\u00e7\u00e3o das almas que ser\u00e3o recebidas no seio da P\u00e1tria do Evangelho.<\/p>\n<p>A provid\u00eancia tamb\u00e9m foi destacada como de grande import\u00e2ncia, pois h\u00e1 um atraso no in\u00edcio da implanta\u00e7\u00e3o da consci\u00eancia oriente-ocidente de maneira explic\u00edta e que cause repercuss\u00e3o na imprensa internacional, eis que o papel do exemplo se faz urgente, a fim de contribuir para as discuss\u00f5es de PAZ e conviv\u00eancia pac\u00edfica dos esp\u00edritos renitentes que ainda persistem nas lutas milenares entre os religiosos daquela regi\u00e3o denominada de Antiga Jerusal\u00e9m.<\/p>\n<p>A Nova Jerusal\u00e9m se encontra em fase de expans\u00e3o dos projetos de unifica\u00e7\u00e3o espiritual que ser\u00e3o desenvolvidos a partir da p\u00e1tria do evangelho e ter\u00e3o o papel fundamental de serem as sementes que uma vez introduzidas na densa malha que cobre a mentalidade das almas que integram a regi\u00e3o citada, ser\u00e3o, a bem de todas as infiltra\u00e7\u00f5es necess\u00e1rias, para no caminhar dos acontecimentos clim\u00e1ticos que assolar\u00e1 a regi\u00e3o, a cada final dos pr\u00f3ximos ciclos, mais intensos, sensibilizar para as verdades eternas do esp\u00edrito.<\/p>\n<p>De igual forma, ser\u00e3o destacados dentre os seres preparados e comprometidos com a tarefa mission\u00e1ria de unifica\u00e7\u00e3o espiritual algumas almas que reencarnar\u00e3o na regi\u00e3o da Antiga Jerusal\u00e9m, para que com suas ideias oxigenadas pela experi\u00eancia multirracial e multireligiosa no Novo Continente.<\/p>\n<p>O Cacique Xavante, bem como os Guardi\u00f5es das Florestas, os Xam\u00e3s e Caciques presentes pedem permiss\u00e3o para acompanharem os trabalhos de reflorestamento e tamb\u00e9m a encarna\u00e7\u00e3o de grupos ind\u00edgenas entre os n\u00e3o \u00edndios para realimentarem o sentimento de preserva\u00e7\u00e3o que deve ser retomado com mais intensidade entre os povos da Terra, com urg\u00eancia, ante os resultados e previs\u00f5es vindouras diante dos fen\u00f4menos inevit\u00e1veis de redu\u00e7\u00e3o do continente e aumento do volume dos oceanos.<\/p>\n<p>O Anci\u00e3o respons\u00e1vel pela comunica\u00e7\u00e3o dos pedidos que atendam aos interesses da coletividade, apresenta o resultado favor\u00e1vel ao encarne imediato de grupos de almas ligadas \u00e0 causa ecol\u00f3gica que ter\u00e3o papel fundamental de restaurarem as regi\u00f5es que nas pr\u00f3ximas d\u00e9cadas se encontrar\u00e3o devastadas pelos fen\u00f4menos clim\u00e1ticos citados.<\/p>\n<p>Acrescenta o Cacique Pena Branca que h\u00e1 um contingente de almas volunt\u00e1rias que se disp\u00f5em a encarnarem em outras regi\u00f5es do Planeta, na Europa, para levarem consigo o sentimento de valoriza\u00e7\u00e3o da terra e tudo que envolve a quest\u00e3o, import\u00e2ncia, uso e cultivo poss\u00edvel nas \u00e1reas onde restar\u00e1 pequena extens\u00e3o com tal possibilidade.<\/p>\n<p>continua<\/p>\n","protected":false},"excerpt":{"rendered":"<p>&nbsp; SUMULA DO CONSELHO C\u00c1RMICO continua\u00e7\u00e3o Para tanto, foi designado o m\u00e9dico brasileiro, Dr. Bezerra de Menezes, para acompanhar o processo de remo\u00e7\u00e3o, condu\u00e7\u00e3o e recoloca\u00e7\u00e3o das almas que ser\u00e3o recebidas no seio da P\u00e1tria do Evangelho. A provid\u00eancia tamb\u00e9m foi destacada como de grande import\u00e2ncia, pois h\u00e1 um atraso no in\u00edcio da implanta\u00e7\u00e3o da [&hellip;]<\/p>\n","protected":false},"author":1,"featured_media":0,"comment_status":"open","ping_status":"open","sticky":false,"template":"","format":"standard","meta":{"_mi_skip_tracking":false},"categories":[3],"tags":[],"_links":{"self":[{"href":"https:\/\/www.miguelfaccio.com.br\/blog\/index.php\/wp-json\/wp\/v2\/posts\/1940"}],"collection":[{"href":"https:\/\/www.miguelfaccio.com.br\/blog\/index.php\/wp-json\/wp\/v2\/posts"}],"about":[{"href":"https:\/\/www.miguelfaccio.com.br\/blog\/index.php\/wp-json\/wp\/v2\/types\/post"}],"author":[{"embeddable":true,"href":"https:\/\/www.miguelfaccio.com.br\/blog\/index.php\/wp-json\/wp\/v2\/users\/1"}],"replies":[{"embeddable":true,"href":"https:\/\/www.miguelfaccio.com.br\/blog\/index.php\/wp-json\/wp\/v2\/comments?post=1940"}],"version-history":[{"count":2,"href":"https:\/\/www.miguelfaccio.com.br\/blog\/index.php\/wp-json\/wp\/v2\/posts\/1940\/revisions"}],"predecessor-version":[{"id":1942,"href":"https:\/\/www.miguelfaccio.com.br\/blog\/index.php\/wp-json\/wp\/v2\/posts\/1940\/revisions\/1942"}],"wp:attachment":[{"href":"https:\/\/www.miguelfaccio.com.br\/blog\/index.php\/wp-json\/wp\/v2\/media?parent=1940"}],"wp:term":[{"taxonomy":"category","embeddable":true,"href":"https:\/\/www.miguelfaccio.com.br\/blog\/index.php\/wp-json\/wp\/v2\/categories?post=1940"},{"taxonomy":"post_tag","embeddable":true,"href":"https:\/\/www.miguelfaccio.com.br\/blog\/index.php\/wp-json\/wp\/v2\/tags?post=1940"}],"curies":[{"name":"wp","href":"https:\/\/api.w.org\/{rel}","templated":true}]}}