{"id":19398,"date":"2025-05-25T09:02:24","date_gmt":"2025-05-25T12:02:24","guid":{"rendered":"https:\/\/www.miguelfaccio.com.br\/blog\/?p=19398"},"modified":"2025-05-25T09:02:26","modified_gmt":"2025-05-25T12:02:26","slug":"plv4109-livro-27-diario-15-12-2022","status":"publish","type":"post","link":"https:\/\/www.miguelfaccio.com.br\/blog\/index.php\/plv4109-livro-27-diario-15-12-2022\/","title":{"rendered":"PLV4109 \u2013 Livro 27 \u2013 Di\u00e1rio, 15\/12\/2022"},"content":{"rendered":"\n<p class=\"has-text-align-right\"><strong>15\/12\/2022<\/strong><\/p>\n\n\n\n<p>Estamos j\u00e1 na metade do m\u00eas de dezembro, n\u00e3o se v\u00ea nem se ouve algo com rela\u00e7\u00e3o ao maior roubo eleitoral imposto por esses asseclas das sombras contra o povo brasileiro. J\u00e1 deve fechar um m\u00eas que milh\u00f5es de brasileiros se encontram em frente aos quart\u00e9is, e at\u00e9 parece que as for\u00e7as armadas n\u00e3o est\u00e3o nem dando bola para a maior express\u00e3o da vontade popular: quebrar a espinha dorsal da esquerda pol\u00edtica que somente tem usurpado o dinheiro do povo. Maquinam qualquer coisa que possa lhe render lucros, mesmo sendo n\u00e3o s\u00f3 indevido, mas imoral. Quem deveria estabelecer nossa seguran\u00e7a parece que nos viram as costas. Onde vamos parar? Da forma como est\u00e3o se montando as coisas, d\u00e1 a impress\u00e3o que voltaremos \u00e0 \u00e9poca da escravid\u00e3o, ali\u00e1s, muito pior, porque querem nos tirar at\u00e9 a forma de pensar, de ter uma opini\u00e3o, de ter uma religi\u00e3o. Querem nos impor uma filosofia socialista comunista aos moldes da China e da Coreia do Norte. Da forma como est\u00e3o correndo as coisas, temos at\u00e9 motivos de duvidar das promessas vindas do alto. S\u00f3 por exemplo: foi prometido que, em novembro do ano passado, iriam cortar a internet, n\u00e3o aconteceu. Foi transferido para fevereiro, n\u00e3o aconteceu. Transferiram para maio e da mesma forma n\u00e3o aconteceu. Agora, outra entidade, que julgo de gabarito, prometeu para 14\/12, ontem, e tamb\u00e9m nada aconteceu. Pelo jeito, nossa sina \u00e9 ser escravos de governo comunista, que trata a todos, menos os seus, como escravos de sua insanidade.<\/p>\n","protected":false},"excerpt":{"rendered":"<p>15\/12\/2022 Estamos j\u00e1 na metade do m\u00eas de dezembro, n\u00e3o se v\u00ea nem se ouve algo com rela\u00e7\u00e3o ao maior roubo eleitoral imposto por esses asseclas das sombras contra o povo brasileiro. J\u00e1 deve fechar um m\u00eas que milh\u00f5es de brasileiros se encontram em frente aos quart\u00e9is, e at\u00e9 parece que as for\u00e7as armadas n\u00e3o [&hellip;]<\/p>\n","protected":false},"author":1,"featured_media":0,"comment_status":"open","ping_status":"open","sticky":false,"template":"","format":"standard","meta":{"_mi_skip_tracking":false},"categories":[33],"tags":[],"_links":{"self":[{"href":"https:\/\/www.miguelfaccio.com.br\/blog\/index.php\/wp-json\/wp\/v2\/posts\/19398"}],"collection":[{"href":"https:\/\/www.miguelfaccio.com.br\/blog\/index.php\/wp-json\/wp\/v2\/posts"}],"about":[{"href":"https:\/\/www.miguelfaccio.com.br\/blog\/index.php\/wp-json\/wp\/v2\/types\/post"}],"author":[{"embeddable":true,"href":"https:\/\/www.miguelfaccio.com.br\/blog\/index.php\/wp-json\/wp\/v2\/users\/1"}],"replies":[{"embeddable":true,"href":"https:\/\/www.miguelfaccio.com.br\/blog\/index.php\/wp-json\/wp\/v2\/comments?post=19398"}],"version-history":[{"count":1,"href":"https:\/\/www.miguelfaccio.com.br\/blog\/index.php\/wp-json\/wp\/v2\/posts\/19398\/revisions"}],"predecessor-version":[{"id":19399,"href":"https:\/\/www.miguelfaccio.com.br\/blog\/index.php\/wp-json\/wp\/v2\/posts\/19398\/revisions\/19399"}],"wp:attachment":[{"href":"https:\/\/www.miguelfaccio.com.br\/blog\/index.php\/wp-json\/wp\/v2\/media?parent=19398"}],"wp:term":[{"taxonomy":"category","embeddable":true,"href":"https:\/\/www.miguelfaccio.com.br\/blog\/index.php\/wp-json\/wp\/v2\/categories?post=19398"},{"taxonomy":"post_tag","embeddable":true,"href":"https:\/\/www.miguelfaccio.com.br\/blog\/index.php\/wp-json\/wp\/v2\/tags?post=19398"}],"curies":[{"name":"wp","href":"https:\/\/api.w.org\/{rel}","templated":true}]}}