{"id":19394,"date":"2025-05-24T09:35:26","date_gmt":"2025-05-24T12:35:26","guid":{"rendered":"https:\/\/www.miguelfaccio.com.br\/blog\/?p=19394"},"modified":"2025-05-24T09:35:27","modified_gmt":"2025-05-24T12:35:27","slug":"plv4108-livro-27-diario-14-12-2022","status":"publish","type":"post","link":"https:\/\/www.miguelfaccio.com.br\/blog\/index.php\/plv4108-livro-27-diario-14-12-2022\/","title":{"rendered":"PLV4108 \u2013 Livro 27 \u2013 Di\u00e1rio, 14\/12\/2022"},"content":{"rendered":"\n<p class=\"has-text-align-right\"><strong>14\/12\/2022<\/strong><\/p>\n\n\n\n<p>Hoje a esperan\u00e7a se renova. Conforme informado por nossos maiores do plano espiritual, seria o in\u00edcio da grande virada da vit\u00f3ria da luz sobre as sombras. Que esta n\u00e3o seja apenas uma data, mas que, na realidade, estabele\u00e7a a vit\u00f3ria da luz. Aqui no nosso amado Brasil, a P\u00e1tria do Evangelho, a Terra de Santa Cruz, est\u00e1 dependendo da efetiva\u00e7\u00e3o dessas promessas de nossos irm\u00e3os das estrelas, para n\u00e3o cair definitivamente nas m\u00e3os, j\u00e1 n\u00e3o mais das sombras, mas do pr\u00f3prio sat\u00e3, que tem sido o usurpador de nosso dinheiro, destruidor da moralidade, especialmente entre os jovens e implantador da filosofia socialista comunista de modo especial entre a juventude, o que levou nossas universidades federais \u00e0 deprava\u00e7\u00e3o moral e social que, de l\u00e1, s\u00f3 saem pessoas incapazes de pensar fora das linhas socialistas. Criaram seres desprovidos de par\u00e2metros e de capacidade de discernir sobre algo que fuja \u00e0 sua \u00fanica obsess\u00e3o, o socialismo. Muitos cidad\u00e3os de bem e pressentindo a grande derrocada deste pa\u00eds se assumido pelo atual presidente nomeado pelo Tribunal Eleitoral, sem uma tomada de posi\u00e7\u00e3o firme de quem tem o poder de inverter essa situa\u00e7\u00e3o, o planeta estaria retroagindo evolutivamente. A quinta dimens\u00e3o n\u00e3o se coaduna com as atitudes, especialmente de governos que s\u00f3 sabem levar a destrui\u00e7\u00e3o para seus povos.<\/p>\n","protected":false},"excerpt":{"rendered":"<p>14\/12\/2022 Hoje a esperan\u00e7a se renova. Conforme informado por nossos maiores do plano espiritual, seria o in\u00edcio da grande virada da vit\u00f3ria da luz sobre as sombras. Que esta n\u00e3o seja apenas uma data, mas que, na realidade, estabele\u00e7a a vit\u00f3ria da luz. Aqui no nosso amado Brasil, a P\u00e1tria do Evangelho, a Terra de [&hellip;]<\/p>\n","protected":false},"author":1,"featured_media":0,"comment_status":"open","ping_status":"open","sticky":false,"template":"","format":"standard","meta":{"_mi_skip_tracking":false},"categories":[33],"tags":[],"_links":{"self":[{"href":"https:\/\/www.miguelfaccio.com.br\/blog\/index.php\/wp-json\/wp\/v2\/posts\/19394"}],"collection":[{"href":"https:\/\/www.miguelfaccio.com.br\/blog\/index.php\/wp-json\/wp\/v2\/posts"}],"about":[{"href":"https:\/\/www.miguelfaccio.com.br\/blog\/index.php\/wp-json\/wp\/v2\/types\/post"}],"author":[{"embeddable":true,"href":"https:\/\/www.miguelfaccio.com.br\/blog\/index.php\/wp-json\/wp\/v2\/users\/1"}],"replies":[{"embeddable":true,"href":"https:\/\/www.miguelfaccio.com.br\/blog\/index.php\/wp-json\/wp\/v2\/comments?post=19394"}],"version-history":[{"count":1,"href":"https:\/\/www.miguelfaccio.com.br\/blog\/index.php\/wp-json\/wp\/v2\/posts\/19394\/revisions"}],"predecessor-version":[{"id":19395,"href":"https:\/\/www.miguelfaccio.com.br\/blog\/index.php\/wp-json\/wp\/v2\/posts\/19394\/revisions\/19395"}],"wp:attachment":[{"href":"https:\/\/www.miguelfaccio.com.br\/blog\/index.php\/wp-json\/wp\/v2\/media?parent=19394"}],"wp:term":[{"taxonomy":"category","embeddable":true,"href":"https:\/\/www.miguelfaccio.com.br\/blog\/index.php\/wp-json\/wp\/v2\/categories?post=19394"},{"taxonomy":"post_tag","embeddable":true,"href":"https:\/\/www.miguelfaccio.com.br\/blog\/index.php\/wp-json\/wp\/v2\/tags?post=19394"}],"curies":[{"name":"wp","href":"https:\/\/api.w.org\/{rel}","templated":true}]}}