{"id":19390,"date":"2025-05-23T09:16:20","date_gmt":"2025-05-23T12:16:20","guid":{"rendered":"https:\/\/www.miguelfaccio.com.br\/blog\/?p=19390"},"modified":"2025-05-23T09:16:21","modified_gmt":"2025-05-23T12:16:21","slug":"plv4107-livro-27-diario-13-12-2022","status":"publish","type":"post","link":"https:\/\/www.miguelfaccio.com.br\/blog\/index.php\/plv4107-livro-27-diario-13-12-2022\/","title":{"rendered":"PLV4107 \u2013 Livro 27 \u2013 Di\u00e1rio, 13\/12\/2022"},"content":{"rendered":"\n<p class=\"has-text-align-right\"><strong>13\/12\/2022<\/strong><\/p>\n\n\n\n<p>Estamos, como humanidade, nas m\u00e3os daquele que tudo v\u00ea e que n\u00e3o interfere no livre-arb\u00edtrio de quem quer que seja. A batida do martelo sempre est\u00e1 vinculada ao Deus Uno. Inclusive est\u00e1 \u00e0 sua determina\u00e7\u00e3o a ascens\u00e3o planet\u00e1ria de qualquer orbe existente no universo. A Terra, como planeta, j\u00e1 recebeu dele a autoriza\u00e7\u00e3o para subir na categoria dos mundos. Como tal, j\u00e1 vibra na quinta dimens\u00e3o, faltando apenas o ser humano que n\u00e3o se enquadrou nesta nova energia ser relocado para outro planeta inferior, pois n\u00e3o exerceu plenamente suas energias para poder acompanhar a Terra na nova dimens\u00e3o. Sem interferir em seu livre-arb\u00edtrio, ser\u00e3o realocados para outros planetas, pois a Terra n\u00e3o vibra mais em terceira dimens\u00e3o. Com isso, n\u00e3o ter\u00e3o mais lugar aqui. \u00c9 como algu\u00e9m que deixa sua casa e vai morar em outro pa\u00eds. \u00c9 o que est\u00e1 acontecendo com a Terra. Agora, precisamos aguardar a ordem do Deus Uno para que seja feita a remo\u00e7\u00e3o daqueles seres que n\u00e3o se enquadram mais na Nova Terra. J\u00e1 temos not\u00edcias de que isso come\u00e7aria em 14 de dezembro de 2022. Mas entre a not\u00edcia e o acontecimento vai uma grande dist\u00e2ncia. Se isso realmente acontecer, o povo brasileiro estar\u00e1 a salvo, caso contr\u00e1rio, estaremos em um beco sem sa\u00edda, pois foi retornado ao poder o presidente mais corrupto da hist\u00f3ria do mundo, que levar\u00e1 o pa\u00eds \u00e0 pior mis\u00e9ria que possa haver, a mis\u00e9ria causada pelo roubo de sua capacidade produtiva, que \u00e9 a capacidade de p\u00f4r o p\u00e3o na mesa de todos os brasileiros.<\/p>\n","protected":false},"excerpt":{"rendered":"<p>13\/12\/2022 Estamos, como humanidade, nas m\u00e3os daquele que tudo v\u00ea e que n\u00e3o interfere no livre-arb\u00edtrio de quem quer que seja. A batida do martelo sempre est\u00e1 vinculada ao Deus Uno. Inclusive est\u00e1 \u00e0 sua determina\u00e7\u00e3o a ascens\u00e3o planet\u00e1ria de qualquer orbe existente no universo. A Terra, como planeta, j\u00e1 recebeu dele a autoriza\u00e7\u00e3o para [&hellip;]<\/p>\n","protected":false},"author":1,"featured_media":0,"comment_status":"open","ping_status":"open","sticky":false,"template":"","format":"standard","meta":{"_mi_skip_tracking":false},"categories":[33],"tags":[],"_links":{"self":[{"href":"https:\/\/www.miguelfaccio.com.br\/blog\/index.php\/wp-json\/wp\/v2\/posts\/19390"}],"collection":[{"href":"https:\/\/www.miguelfaccio.com.br\/blog\/index.php\/wp-json\/wp\/v2\/posts"}],"about":[{"href":"https:\/\/www.miguelfaccio.com.br\/blog\/index.php\/wp-json\/wp\/v2\/types\/post"}],"author":[{"embeddable":true,"href":"https:\/\/www.miguelfaccio.com.br\/blog\/index.php\/wp-json\/wp\/v2\/users\/1"}],"replies":[{"embeddable":true,"href":"https:\/\/www.miguelfaccio.com.br\/blog\/index.php\/wp-json\/wp\/v2\/comments?post=19390"}],"version-history":[{"count":1,"href":"https:\/\/www.miguelfaccio.com.br\/blog\/index.php\/wp-json\/wp\/v2\/posts\/19390\/revisions"}],"predecessor-version":[{"id":19391,"href":"https:\/\/www.miguelfaccio.com.br\/blog\/index.php\/wp-json\/wp\/v2\/posts\/19390\/revisions\/19391"}],"wp:attachment":[{"href":"https:\/\/www.miguelfaccio.com.br\/blog\/index.php\/wp-json\/wp\/v2\/media?parent=19390"}],"wp:term":[{"taxonomy":"category","embeddable":true,"href":"https:\/\/www.miguelfaccio.com.br\/blog\/index.php\/wp-json\/wp\/v2\/categories?post=19390"},{"taxonomy":"post_tag","embeddable":true,"href":"https:\/\/www.miguelfaccio.com.br\/blog\/index.php\/wp-json\/wp\/v2\/tags?post=19390"}],"curies":[{"name":"wp","href":"https:\/\/api.w.org\/{rel}","templated":true}]}}