{"id":19388,"date":"2025-05-22T08:35:40","date_gmt":"2025-05-22T11:35:40","guid":{"rendered":"https:\/\/www.miguelfaccio.com.br\/blog\/?p=19388"},"modified":"2025-05-22T08:35:41","modified_gmt":"2025-05-22T11:35:41","slug":"rcd4053-raios-ou-chamas","status":"publish","type":"post","link":"https:\/\/www.miguelfaccio.com.br\/blog\/index.php\/rcd4053-raios-ou-chamas\/","title":{"rendered":"RCD4053 Raios ou Chamas"},"content":{"rendered":"\n<p class=\"has-text-align-right\"><strong>KRYON <br>Atrav\u00e9s de Lee Carroll<\/strong><\/p>\n\n\n\n<p>SER\u00c1 QUE EXISTE UMA M\u00c1QUINA DA PERDI\u00c7\u00c3O?<\/p>\n\n\n\n<p>continua\u00e7\u00e3o<\/p>\n\n\n\n<p>Tamb\u00e9m fizemos uma canaliza\u00e7\u00e3o h\u00e1 algum tempo, perguntando se voc\u00eas estavam presos no tempo, porque parecia que sim.<\/p>\n\n\n\n<p>Agora, a resposta para ambas as canaliza\u00e7\u00f5es, de forma positiva, foi: embora haja tempo que repete uma energia mais antiga, e embora pare\u00e7a que alguns de voc\u00eas estejam presos, n\u00f3s, verdadeiramente, neste planeta, juntos, estamos nos movendo para uma \u00e1rea dimensional diferente do tempo.<\/p>\n\n\n\n<p>Lembrem-se: o tempo \u00e9 uma dimens\u00e3o em si. E essa parte de toda essa mudan\u00e7a que foi prevista e est\u00e1 acontecendo \u00e9 que voc\u00eas est\u00e3o se movendo em uma trilha separada, afastando-se do c\u00edrculo.<\/p>\n\n\n\n<p>Ent\u00e3o voc\u00ea est\u00e1 em outro caminho, pode-se dizer metaforicamente, do tempo, um caminho que n\u00e3o se repete. E, a prop\u00f3sito, \u00e9 um caminho que j\u00e1 est\u00e1 aqui, se apresentando h\u00e1 alguns anos, e est\u00e1 deixando muitas pessoas, especialmente os Trabalhadores da Luz, bastante nervosas. E a raz\u00e3o \u00e9 porque voc\u00ea nunca esteve l\u00e1 antes.<\/p>\n\n\n\n<p>Voc\u00ea pode parar um momento e entender comigo que, se voc\u00ea andar no c\u00edrculo do tempo, girando e girando, girando, h\u00e1 algo confort\u00e1vel nisso, porque voc\u00ea j\u00e1 esteve l\u00e1 antes. Ent\u00e3o, conforme voc\u00ea vive sua vida, pode ser algo que voc\u00ea n\u00e3o tenha percebido, mas h\u00e1 uma zona de conforto em ver o mesmo tipo de similaridade entre as coisas o tempo todo, e o tempo \u00e9 uma delas.<\/p>\n\n\n\n<p>As coisas se apresentam, elas se apresentaram antes. Voc\u00ea sabe como agir. Voc\u00ea sabe o que fazer a respeito. Mas, de repente, esse n\u00e3o \u00e9 o caso. Coisas que est\u00e3o se apresentando agora na Terra, voc\u00ea nunca viu antes, n\u00e3o assim, n\u00e3o exatamente assim. E, portanto, nisso, n\u00e3o h\u00e1 uma rea\u00e7\u00e3o confort\u00e1vel que voc\u00ea teve antes.<\/p>\n\n\n\n<p>Agora, vamos voltar \u00e0 f\u00e1brica da trag\u00e9dia. Aqui est\u00e1 o que est\u00e1 acontecendo atualmente no planeta, e eu vou lhe fazer primeiro estas perguntas. Voc\u00ea viu alguma not\u00edcia alarmante ultimamente? E n\u00e3o estou falando de pol\u00edtica.<\/p>\n\n\n\n<p>Estou falando de coisas que podem acontecer ao planeta em breve, coisas que est\u00e3o por vir, coisas que voc\u00ea n\u00e3o tinha visto antes, das quais voc\u00ea tem medo por causa do que est\u00e1 vendo e do que est\u00e1 sendo noticiado.<\/p>\n\n\n\n<p>H\u00e1 a ideia constante de que a economia est\u00e1 falhando. H\u00e1 a ideia constante de que talvez a Terra ou o continente em que voc\u00ea est\u00e1 v\u00e1 falhar. Isso \u00e9 algo que voc\u00ea est\u00e1 come\u00e7ando a ver regularmente. Bem, vamos falar sobre isso por um momento.<\/p>\n\n\n\n<p>continua<\/p>\n","protected":false},"excerpt":{"rendered":"<p>KRYON Atrav\u00e9s de Lee Carroll SER\u00c1 QUE EXISTE UMA M\u00c1QUINA DA PERDI\u00c7\u00c3O? continua\u00e7\u00e3o Tamb\u00e9m fizemos uma canaliza\u00e7\u00e3o h\u00e1 algum tempo, perguntando se voc\u00eas estavam presos no tempo, porque parecia que sim. Agora, a resposta para ambas as canaliza\u00e7\u00f5es, de forma positiva, foi: embora haja tempo que repete uma energia mais antiga, e embora pare\u00e7a que [&hellip;]<\/p>\n","protected":false},"author":1,"featured_media":0,"comment_status":"open","ping_status":"open","sticky":false,"template":"","format":"standard","meta":{"_mi_skip_tracking":false},"categories":[3],"tags":[],"_links":{"self":[{"href":"https:\/\/www.miguelfaccio.com.br\/blog\/index.php\/wp-json\/wp\/v2\/posts\/19388"}],"collection":[{"href":"https:\/\/www.miguelfaccio.com.br\/blog\/index.php\/wp-json\/wp\/v2\/posts"}],"about":[{"href":"https:\/\/www.miguelfaccio.com.br\/blog\/index.php\/wp-json\/wp\/v2\/types\/post"}],"author":[{"embeddable":true,"href":"https:\/\/www.miguelfaccio.com.br\/blog\/index.php\/wp-json\/wp\/v2\/users\/1"}],"replies":[{"embeddable":true,"href":"https:\/\/www.miguelfaccio.com.br\/blog\/index.php\/wp-json\/wp\/v2\/comments?post=19388"}],"version-history":[{"count":1,"href":"https:\/\/www.miguelfaccio.com.br\/blog\/index.php\/wp-json\/wp\/v2\/posts\/19388\/revisions"}],"predecessor-version":[{"id":19389,"href":"https:\/\/www.miguelfaccio.com.br\/blog\/index.php\/wp-json\/wp\/v2\/posts\/19388\/revisions\/19389"}],"wp:attachment":[{"href":"https:\/\/www.miguelfaccio.com.br\/blog\/index.php\/wp-json\/wp\/v2\/media?parent=19388"}],"wp:term":[{"taxonomy":"category","embeddable":true,"href":"https:\/\/www.miguelfaccio.com.br\/blog\/index.php\/wp-json\/wp\/v2\/categories?post=19388"},{"taxonomy":"post_tag","embeddable":true,"href":"https:\/\/www.miguelfaccio.com.br\/blog\/index.php\/wp-json\/wp\/v2\/tags?post=19388"}],"curies":[{"name":"wp","href":"https:\/\/api.w.org\/{rel}","templated":true}]}}