{"id":19385,"date":"2025-05-22T08:33:58","date_gmt":"2025-05-22T11:33:58","guid":{"rendered":"https:\/\/www.miguelfaccio.com.br\/blog\/?p=19385"},"modified":"2025-05-22T08:33:59","modified_gmt":"2025-05-22T11:33:59","slug":"plv4106-livro-27-diario-12-12-2022","status":"publish","type":"post","link":"https:\/\/www.miguelfaccio.com.br\/blog\/index.php\/plv4106-livro-27-diario-12-12-2022\/","title":{"rendered":"PLV4106 \u2013 Livro 27 \u2013 Di\u00e1rio, 12\/12\/2022"},"content":{"rendered":"\n<p class=\"has-text-align-right\"><strong>12\/12\/2022<\/strong><\/p>\n\n\n\n<p>Os dias est\u00e3o se aproximando do momento em que tudo come\u00e7ar\u00e1 a ser esclarecido. Aquilo que estava escondido, come\u00e7ar\u00e1 a aparecer. Nada mais ficar\u00e1 ou continuar\u00e1 a ser encoberto, porque a luz a tudo ilumina est\u00e1 a tomar seu devido lugar neste planeta, que foi criado para ser luz, mas esta foi bloqueada pelas sombras que se apossaram deste lindo planeta azul. Agora, tudo est\u00e1 se invertendo. H\u00e1 tempos em que a guerra entre a luz e as trevas vinha acontecendo e, paulatinamente, a luz tomava redutos, diminuindo assim o poder das trevas. Agora, pode-se dizer, \u00e9 a batalha final. As trevas, al\u00e9m de dominadas, suas a\u00e7\u00f5es eram na terceira dimens\u00e3o, e que ser\u00e1 extinta. Na Terra, n\u00e3o haver\u00e1 mais a terceira dimens\u00e3o, pois tudo, e o ser humano que apresentar a evolu\u00e7\u00e3o suficiente tamb\u00e9m, passar\u00e1 para a quinta dimens\u00e3o, pois a Terra j\u00e1 foi aceita na Confedera\u00e7\u00e3o dos Mundos. Est\u00e1, assim, inclu\u00edda entre aqueles planetas em que n\u00e3o h\u00e1 mais espa\u00e7o para o criar e resgatar. Agora, m\u00e3os \u00e0 obra terr\u00e1queos, pois estamos chegando ao topo da montanha evolutiva para o planeta Terra. Daqui em diante, n\u00e3o precisa mais o planeta ascensionar, porque o pr\u00f3prio esp\u00edrito, unido ao seu corpo, pode volitar pelo universo, para, em outras paragens, tamb\u00e9m encontrar conhecimentos e experienci\u00e1-los para aprimorar um pouco mais sua evolu\u00e7\u00e3o, at\u00e9 chegar o dia em que poder\u00e1 descansar no seio do Pai.<\/p>\n","protected":false},"excerpt":{"rendered":"<p>12\/12\/2022 Os dias est\u00e3o se aproximando do momento em que tudo come\u00e7ar\u00e1 a ser esclarecido. Aquilo que estava escondido, come\u00e7ar\u00e1 a aparecer. Nada mais ficar\u00e1 ou continuar\u00e1 a ser encoberto, porque a luz a tudo ilumina est\u00e1 a tomar seu devido lugar neste planeta, que foi criado para ser luz, mas esta foi bloqueada pelas [&hellip;]<\/p>\n","protected":false},"author":1,"featured_media":0,"comment_status":"open","ping_status":"open","sticky":false,"template":"","format":"standard","meta":{"_mi_skip_tracking":false},"categories":[33],"tags":[],"_links":{"self":[{"href":"https:\/\/www.miguelfaccio.com.br\/blog\/index.php\/wp-json\/wp\/v2\/posts\/19385"}],"collection":[{"href":"https:\/\/www.miguelfaccio.com.br\/blog\/index.php\/wp-json\/wp\/v2\/posts"}],"about":[{"href":"https:\/\/www.miguelfaccio.com.br\/blog\/index.php\/wp-json\/wp\/v2\/types\/post"}],"author":[{"embeddable":true,"href":"https:\/\/www.miguelfaccio.com.br\/blog\/index.php\/wp-json\/wp\/v2\/users\/1"}],"replies":[{"embeddable":true,"href":"https:\/\/www.miguelfaccio.com.br\/blog\/index.php\/wp-json\/wp\/v2\/comments?post=19385"}],"version-history":[{"count":1,"href":"https:\/\/www.miguelfaccio.com.br\/blog\/index.php\/wp-json\/wp\/v2\/posts\/19385\/revisions"}],"predecessor-version":[{"id":19386,"href":"https:\/\/www.miguelfaccio.com.br\/blog\/index.php\/wp-json\/wp\/v2\/posts\/19385\/revisions\/19386"}],"wp:attachment":[{"href":"https:\/\/www.miguelfaccio.com.br\/blog\/index.php\/wp-json\/wp\/v2\/media?parent=19385"}],"wp:term":[{"taxonomy":"category","embeddable":true,"href":"https:\/\/www.miguelfaccio.com.br\/blog\/index.php\/wp-json\/wp\/v2\/categories?post=19385"},{"taxonomy":"post_tag","embeddable":true,"href":"https:\/\/www.miguelfaccio.com.br\/blog\/index.php\/wp-json\/wp\/v2\/tags?post=19385"}],"curies":[{"name":"wp","href":"https:\/\/api.w.org\/{rel}","templated":true}]}}