{"id":19379,"date":"2025-05-21T09:28:04","date_gmt":"2025-05-21T12:28:04","guid":{"rendered":"https:\/\/www.miguelfaccio.com.br\/blog\/?p=19379"},"modified":"2025-05-21T09:28:06","modified_gmt":"2025-05-21T12:28:06","slug":"plv4105-livro-27-diario-11-12-2022","status":"publish","type":"post","link":"https:\/\/www.miguelfaccio.com.br\/blog\/index.php\/plv4105-livro-27-diario-11-12-2022\/","title":{"rendered":"PLV4105 \u2013 Livro 27 \u2013 Di\u00e1rio, 11\/12\/2022"},"content":{"rendered":"\n<p class=\"has-text-align-right\"><strong>11\/12\/2022<\/strong><\/p>\n\n\n\n<p>A vida \u00e9 uma unidade coletiva, isto \u00e9, \u00e9 uma mesma energia que se apresenta em cada individualidade com uma frequ\u00eancia e intensidade pr\u00f3prias. N\u00e3o importa se \u00e9 um \u00e1tomo, um vegetal, um animal, um Elemental, um ser humano ou um ser angelical, porque todos s\u00e3o Deus em a\u00e7\u00e3o. Essas individualidades energ\u00e9ticas do Deus Uno servem para que Deus possa conhecer-se quem ou como \u00e9. \u00c9 a experiencia\u00e7\u00e3o da pr\u00f3pria Divindade, j\u00e1 que, por si s\u00f3, ela n\u00e3o poderia faz\u00ea-lo. Ent\u00e3o, recorre \u00e0 experiencia\u00e7\u00e3o de conhecimentos atrav\u00e9s de suas individualiza\u00e7\u00f5es. Assim, suas individualiza\u00e7\u00f5es conseguem evoluir, isto \u00e9, tornar-se paulatinamente melhores do que foram no passado, tanto long\u00ednquo como recente. Em cada individualidade dessas, h\u00e1 a uma morada do Deus Uno, que \u00e9 chamada, tamb\u00e9m, de \u201cEU SOU\u201d. Deus usou esse termo \u201cEU SOU\u201d para se identificar a Mois\u00e9s dizendo: \u201cAquele que se chama \u2018EU SOU\u2019 manda-me junto de v\u00f3s\u201d. Jesus utilizou esse termo para identificar o Pai que mora dentro dele. Ele disse: \u201cEU SOU o caminho a verdade e a vida\u201d. Logo adiante repete: \u201cn\u00e3o sou eu quem faz, \u00e9 o Pai que est\u00e1 em mim quem faz\u201d. \u00c9 preciso intelectualizar muito bem essa express\u00e3o, n\u00e3o no sentido gramatical, mas no sentido da espiritualidade. Precisam ser muito bem intelectualizadas essas duas situa\u00e7\u00f5es do termo \u201cEU SOU\u201d. Disso depende a intelectualiza\u00e7\u00e3o, inclusive de nossa inser\u00e7\u00e3o dentro do conhecimento das ci\u00eancias do esp\u00edrito, que fica do outro lado do conhecimento da mat\u00e9ria.<\/p>\n","protected":false},"excerpt":{"rendered":"<p>11\/12\/2022 A vida \u00e9 uma unidade coletiva, isto \u00e9, \u00e9 uma mesma energia que se apresenta em cada individualidade com uma frequ\u00eancia e intensidade pr\u00f3prias. N\u00e3o importa se \u00e9 um \u00e1tomo, um vegetal, um animal, um Elemental, um ser humano ou um ser angelical, porque todos s\u00e3o Deus em a\u00e7\u00e3o. Essas individualidades energ\u00e9ticas do Deus [&hellip;]<\/p>\n","protected":false},"author":1,"featured_media":0,"comment_status":"open","ping_status":"open","sticky":false,"template":"","format":"standard","meta":{"_mi_skip_tracking":false},"categories":[33],"tags":[],"_links":{"self":[{"href":"https:\/\/www.miguelfaccio.com.br\/blog\/index.php\/wp-json\/wp\/v2\/posts\/19379"}],"collection":[{"href":"https:\/\/www.miguelfaccio.com.br\/blog\/index.php\/wp-json\/wp\/v2\/posts"}],"about":[{"href":"https:\/\/www.miguelfaccio.com.br\/blog\/index.php\/wp-json\/wp\/v2\/types\/post"}],"author":[{"embeddable":true,"href":"https:\/\/www.miguelfaccio.com.br\/blog\/index.php\/wp-json\/wp\/v2\/users\/1"}],"replies":[{"embeddable":true,"href":"https:\/\/www.miguelfaccio.com.br\/blog\/index.php\/wp-json\/wp\/v2\/comments?post=19379"}],"version-history":[{"count":1,"href":"https:\/\/www.miguelfaccio.com.br\/blog\/index.php\/wp-json\/wp\/v2\/posts\/19379\/revisions"}],"predecessor-version":[{"id":19380,"href":"https:\/\/www.miguelfaccio.com.br\/blog\/index.php\/wp-json\/wp\/v2\/posts\/19379\/revisions\/19380"}],"wp:attachment":[{"href":"https:\/\/www.miguelfaccio.com.br\/blog\/index.php\/wp-json\/wp\/v2\/media?parent=19379"}],"wp:term":[{"taxonomy":"category","embeddable":true,"href":"https:\/\/www.miguelfaccio.com.br\/blog\/index.php\/wp-json\/wp\/v2\/categories?post=19379"},{"taxonomy":"post_tag","embeddable":true,"href":"https:\/\/www.miguelfaccio.com.br\/blog\/index.php\/wp-json\/wp\/v2\/tags?post=19379"}],"curies":[{"name":"wp","href":"https:\/\/api.w.org\/{rel}","templated":true}]}}