{"id":19367,"date":"2025-05-19T08:42:13","date_gmt":"2025-05-19T11:42:13","guid":{"rendered":"https:\/\/www.miguelfaccio.com.br\/blog\/?p=19367"},"modified":"2025-05-19T08:42:15","modified_gmt":"2025-05-19T11:42:15","slug":"plv4103-livro-27-diario-09-12-2022","status":"publish","type":"post","link":"https:\/\/www.miguelfaccio.com.br\/blog\/index.php\/plv4103-livro-27-diario-09-12-2022\/","title":{"rendered":"PLV4103 \u2013 Livro 27 \u2013 Di\u00e1rio, 09\/12\/2022"},"content":{"rendered":"\n<p class=\"has-text-align-right\"><strong>09\/12\/2022<\/strong><\/p>\n\n\n\n<p>Neste planeta, a luz j\u00e1 venceu as trevas. Seus redutos j\u00e1 foram tomados. O que est\u00e1 faltando agora \u00e9 apenas a retirada do planeta daqueles que eram comandados pelas trevas e n\u00e3o est\u00e3o querendo entregar-se ao bom caminho. Julgando ainda conseguir reaver seus espa\u00e7os de traquinagem, onde agiam como donos de tudo o que h\u00e1 no planeta. Logo, ter\u00e3o o destino que merecem, voltar aos homens das cavernas, retornar ao in\u00edcio de sua caminhada evolutiva, tentando novamente um caminho de evolu\u00e7\u00e3o espiritual, que \u00e9 o destino de todo ser criado. Pelas not\u00edcias que temos, isso que j\u00e1 iniciou h\u00e1 bastante tempo, logo ter\u00e1 seu desenlace, o seu t\u00e9rmino. Os cavalos de batalhas das sombras, em pouco tempo, seguir\u00e3o para outras paragens. O planeta, ent\u00e3o, livre para dedicar-se a uma s\u00f3 energia, a energia da luz da quinta dimens\u00e3o, a luz da liberdade, anseio de todo ser humano, poder\u00e1, livre de empecilhos, dedicar-se plenamente na conquista, t\u00e3o sonhada, de ser o que quer ser, quer pensar ou quer agir. O \u00fanico ser, o terr\u00e1queo, que ainda n\u00e3o havia conquistado esse direito, a ser o que quer ser. Este planeta, que energeticamente j\u00e1 est\u00e1 na quinta dimens\u00e3o, precisa que o ser humano tamb\u00e9m d\u00ea entrada nessa energia, porque o resto da natureza j\u00e1 o fez junto com o planeta. O ser humano, como um ser consciente, precisa estar apto para acompanhamento dessa evolu\u00e7\u00e3o. Essa op\u00e7\u00e3o pode ser consciente, sabendo do que est\u00e1 fazendo, ou inconsciente, se seu agir, falar e pensar se coadunam com a quinta dimens\u00e3o.<\/p>\n","protected":false},"excerpt":{"rendered":"<p>09\/12\/2022 Neste planeta, a luz j\u00e1 venceu as trevas. Seus redutos j\u00e1 foram tomados. O que est\u00e1 faltando agora \u00e9 apenas a retirada do planeta daqueles que eram comandados pelas trevas e n\u00e3o est\u00e3o querendo entregar-se ao bom caminho. Julgando ainda conseguir reaver seus espa\u00e7os de traquinagem, onde agiam como donos de tudo o que [&hellip;]<\/p>\n","protected":false},"author":1,"featured_media":0,"comment_status":"open","ping_status":"open","sticky":false,"template":"","format":"standard","meta":{"_mi_skip_tracking":false},"categories":[33],"tags":[],"_links":{"self":[{"href":"https:\/\/www.miguelfaccio.com.br\/blog\/index.php\/wp-json\/wp\/v2\/posts\/19367"}],"collection":[{"href":"https:\/\/www.miguelfaccio.com.br\/blog\/index.php\/wp-json\/wp\/v2\/posts"}],"about":[{"href":"https:\/\/www.miguelfaccio.com.br\/blog\/index.php\/wp-json\/wp\/v2\/types\/post"}],"author":[{"embeddable":true,"href":"https:\/\/www.miguelfaccio.com.br\/blog\/index.php\/wp-json\/wp\/v2\/users\/1"}],"replies":[{"embeddable":true,"href":"https:\/\/www.miguelfaccio.com.br\/blog\/index.php\/wp-json\/wp\/v2\/comments?post=19367"}],"version-history":[{"count":1,"href":"https:\/\/www.miguelfaccio.com.br\/blog\/index.php\/wp-json\/wp\/v2\/posts\/19367\/revisions"}],"predecessor-version":[{"id":19368,"href":"https:\/\/www.miguelfaccio.com.br\/blog\/index.php\/wp-json\/wp\/v2\/posts\/19367\/revisions\/19368"}],"wp:attachment":[{"href":"https:\/\/www.miguelfaccio.com.br\/blog\/index.php\/wp-json\/wp\/v2\/media?parent=19367"}],"wp:term":[{"taxonomy":"category","embeddable":true,"href":"https:\/\/www.miguelfaccio.com.br\/blog\/index.php\/wp-json\/wp\/v2\/categories?post=19367"},{"taxonomy":"post_tag","embeddable":true,"href":"https:\/\/www.miguelfaccio.com.br\/blog\/index.php\/wp-json\/wp\/v2\/tags?post=19367"}],"curies":[{"name":"wp","href":"https:\/\/api.w.org\/{rel}","templated":true}]}}