{"id":19363,"date":"2025-05-18T09:50:53","date_gmt":"2025-05-18T12:50:53","guid":{"rendered":"https:\/\/www.miguelfaccio.com.br\/blog\/?p=19363"},"modified":"2025-05-18T09:50:55","modified_gmt":"2025-05-18T12:50:55","slug":"plv4102-livro-27-diario-08-12-2022","status":"publish","type":"post","link":"https:\/\/www.miguelfaccio.com.br\/blog\/index.php\/plv4102-livro-27-diario-08-12-2022\/","title":{"rendered":"PLV4102 \u2013 Livro 27 \u2013 Di\u00e1rio, 08\/12\/2022"},"content":{"rendered":"\n<p class=\"has-text-align-right\"><strong>08\/12\/2022<\/strong><\/p>\n\n\n\n<p>H\u00e1 muito tempo, j\u00e1 estava projetada esta transforma\u00e7\u00e3o para a Terra. Agora, pelo que tudo parece, est\u00e1 acontecendo. N\u00e3o aos trancos e barrancos, mas lentamente foi se estabelecendo, mas no n\u00edvel de energia, que est\u00e1 agora tomando forma no n\u00edvel da mat\u00e9ria, que, ao menos, a grande maioria da humanidade s\u00f3 entende aquilo que rebate na mat\u00e9ria. Se tudo acontecer de acordo com informa\u00e7\u00f5es vindas do alto, est\u00e1 tomando corpo, tamb\u00e9m na mat\u00e9ria. Ser\u00e1 essa a grande peneira predita por Jesus, que separar\u00e1 o joio do trigo, o bode das ovelhas. Est\u00e1 se fazendo indispens\u00e1vel essa limpeza no planeta, caso contr\u00e1rio, este tornar-se-ia, a curto prazo, um planeta de carrascos escravizando popula\u00e7\u00f5es inteiras, n\u00e3o s\u00f3 para o trabalho, mas especialmente para sua religi\u00e3o e pelo seu modo de pensar. Isso precisa acabar com urg\u00eancia para que n\u00e3o venha a se tornar o estopim para uma terceira e \u00faltima guerra mundial, pois desta, pelo poderio at\u00f4mico, nada sobrar\u00e1, a vida simplesmente como conhecemos desapareceria. A Terra se tornaria mais um planeta sem vida. \u00c9 preciso que essa transforma\u00e7\u00e3o venha de cima, porque, para muitos humanos, quanto pior, melhor, pois se alimentam do sofrimento dos outros. Mas temos um universo inteiro a nos ajudar a vencer essa insanidade coletiva, nos dando as m\u00e3os para ultrapassarmos a barreira entre a terceira e a quinta dimens\u00f5es.<\/p>\n","protected":false},"excerpt":{"rendered":"<p>08\/12\/2022 H\u00e1 muito tempo, j\u00e1 estava projetada esta transforma\u00e7\u00e3o para a Terra. Agora, pelo que tudo parece, est\u00e1 acontecendo. N\u00e3o aos trancos e barrancos, mas lentamente foi se estabelecendo, mas no n\u00edvel de energia, que est\u00e1 agora tomando forma no n\u00edvel da mat\u00e9ria, que, ao menos, a grande maioria da humanidade s\u00f3 entende aquilo que [&hellip;]<\/p>\n","protected":false},"author":1,"featured_media":0,"comment_status":"open","ping_status":"open","sticky":false,"template":"","format":"standard","meta":{"_mi_skip_tracking":false},"categories":[33],"tags":[],"_links":{"self":[{"href":"https:\/\/www.miguelfaccio.com.br\/blog\/index.php\/wp-json\/wp\/v2\/posts\/19363"}],"collection":[{"href":"https:\/\/www.miguelfaccio.com.br\/blog\/index.php\/wp-json\/wp\/v2\/posts"}],"about":[{"href":"https:\/\/www.miguelfaccio.com.br\/blog\/index.php\/wp-json\/wp\/v2\/types\/post"}],"author":[{"embeddable":true,"href":"https:\/\/www.miguelfaccio.com.br\/blog\/index.php\/wp-json\/wp\/v2\/users\/1"}],"replies":[{"embeddable":true,"href":"https:\/\/www.miguelfaccio.com.br\/blog\/index.php\/wp-json\/wp\/v2\/comments?post=19363"}],"version-history":[{"count":1,"href":"https:\/\/www.miguelfaccio.com.br\/blog\/index.php\/wp-json\/wp\/v2\/posts\/19363\/revisions"}],"predecessor-version":[{"id":19364,"href":"https:\/\/www.miguelfaccio.com.br\/blog\/index.php\/wp-json\/wp\/v2\/posts\/19363\/revisions\/19364"}],"wp:attachment":[{"href":"https:\/\/www.miguelfaccio.com.br\/blog\/index.php\/wp-json\/wp\/v2\/media?parent=19363"}],"wp:term":[{"taxonomy":"category","embeddable":true,"href":"https:\/\/www.miguelfaccio.com.br\/blog\/index.php\/wp-json\/wp\/v2\/categories?post=19363"},{"taxonomy":"post_tag","embeddable":true,"href":"https:\/\/www.miguelfaccio.com.br\/blog\/index.php\/wp-json\/wp\/v2\/tags?post=19363"}],"curies":[{"name":"wp","href":"https:\/\/api.w.org\/{rel}","templated":true}]}}