{"id":19357,"date":"2025-05-17T10:00:36","date_gmt":"2025-05-17T13:00:36","guid":{"rendered":"https:\/\/www.miguelfaccio.com.br\/blog\/?p=19357"},"modified":"2025-05-17T10:00:37","modified_gmt":"2025-05-17T13:00:37","slug":"plv4101-livro-27-diario-07-12-2022","status":"publish","type":"post","link":"https:\/\/www.miguelfaccio.com.br\/blog\/index.php\/plv4101-livro-27-diario-07-12-2022\/","title":{"rendered":"PLV4101 \u2013 Livro 27 \u2013 Di\u00e1rio, 07\/12\/2022"},"content":{"rendered":"\n<p class=\"has-text-align-right\"><strong>07\/12\/2022<\/strong><\/p>\n\n\n\n<p>As not\u00edcias que se tem quanto \u00e0s grandes reformas aqui no planeta Terra, e a volta do Cristo, enchem muitos seres de grandes esperan\u00e7as. Temos que nos conscientizar de que nosso tempo \u00e9 um tempo e o tempo de Deus \u00e9 outro. Temos dificuldade, e isso \u00e9 da grande maioria da humanidade, de conseguir sintonizar esses dois tempos, porque um \u00e9 material e o outro \u00e9 imaterial, isto \u00e9, do que h\u00e1 fora da mat\u00e9ria. Nesse intervalo, muita coisa pode acontecer que modifique a condi\u00e7\u00e3o anterior, causando a altera\u00e7\u00e3o de previs\u00f5es que nos foram passadas. Isso \u00e9 muito natural acontecer, porque n\u00e3o temos a vis\u00e3o, a percep\u00e7\u00e3o do que vai pelo universo que nos rodeia e que n\u00e3o seja material. Mas, como ainda imersos dentro de uma dualidade, n\u00e3o alcan\u00e7amos ainda a condi\u00e7\u00e3o plena da vis\u00e3o da aula, o terceiro olho, o olho do esp\u00edrito. Pode at\u00e9 nosso esp\u00edrito estar ciente, mas o consciente de nosso corpo \u00e9 extremamente rebelde. \u00c9 dif\u00edcil convenc\u00ea-lo de que a realidade \u00e9 que ele \u00e9 apenas um instrumento do esp\u00edrito, a quem pertencem todas as capacidades em todos os sentidos que o corpo apresenta. Muitos, sequer, aceitam plenamente o ensino de Jesus. Quantos mais h\u00e1 que n\u00e3o creem nas palavras de um ser humano que diz que essas palavras n\u00e3o s\u00e3o suas, mas de tal ser espiritual? Mesmo n\u00e3o aceitas plenamente, temos que crer que h\u00e1 mudan\u00e7as acontecendo que mais representam tempos em ebuli\u00e7\u00e3o, do que tempos normais. A evolu\u00e7\u00e3o est\u00e1 acontecendo.<\/p>\n","protected":false},"excerpt":{"rendered":"<p>07\/12\/2022 As not\u00edcias que se tem quanto \u00e0s grandes reformas aqui no planeta Terra, e a volta do Cristo, enchem muitos seres de grandes esperan\u00e7as. Temos que nos conscientizar de que nosso tempo \u00e9 um tempo e o tempo de Deus \u00e9 outro. Temos dificuldade, e isso \u00e9 da grande maioria da humanidade, de conseguir [&hellip;]<\/p>\n","protected":false},"author":1,"featured_media":0,"comment_status":"open","ping_status":"open","sticky":false,"template":"","format":"standard","meta":{"_mi_skip_tracking":false},"categories":[33],"tags":[],"_links":{"self":[{"href":"https:\/\/www.miguelfaccio.com.br\/blog\/index.php\/wp-json\/wp\/v2\/posts\/19357"}],"collection":[{"href":"https:\/\/www.miguelfaccio.com.br\/blog\/index.php\/wp-json\/wp\/v2\/posts"}],"about":[{"href":"https:\/\/www.miguelfaccio.com.br\/blog\/index.php\/wp-json\/wp\/v2\/types\/post"}],"author":[{"embeddable":true,"href":"https:\/\/www.miguelfaccio.com.br\/blog\/index.php\/wp-json\/wp\/v2\/users\/1"}],"replies":[{"embeddable":true,"href":"https:\/\/www.miguelfaccio.com.br\/blog\/index.php\/wp-json\/wp\/v2\/comments?post=19357"}],"version-history":[{"count":1,"href":"https:\/\/www.miguelfaccio.com.br\/blog\/index.php\/wp-json\/wp\/v2\/posts\/19357\/revisions"}],"predecessor-version":[{"id":19358,"href":"https:\/\/www.miguelfaccio.com.br\/blog\/index.php\/wp-json\/wp\/v2\/posts\/19357\/revisions\/19358"}],"wp:attachment":[{"href":"https:\/\/www.miguelfaccio.com.br\/blog\/index.php\/wp-json\/wp\/v2\/media?parent=19357"}],"wp:term":[{"taxonomy":"category","embeddable":true,"href":"https:\/\/www.miguelfaccio.com.br\/blog\/index.php\/wp-json\/wp\/v2\/categories?post=19357"},{"taxonomy":"post_tag","embeddable":true,"href":"https:\/\/www.miguelfaccio.com.br\/blog\/index.php\/wp-json\/wp\/v2\/tags?post=19357"}],"curies":[{"name":"wp","href":"https:\/\/api.w.org\/{rel}","templated":true}]}}