{"id":19355,"date":"2025-05-16T08:05:28","date_gmt":"2025-05-16T11:05:28","guid":{"rendered":"https:\/\/www.miguelfaccio.com.br\/blog\/?p=19355"},"modified":"2025-05-17T10:05:05","modified_gmt":"2025-05-17T13:05:05","slug":"rcd40477-raios-ou-chamas","status":"publish","type":"post","link":"https:\/\/www.miguelfaccio.com.br\/blog\/index.php\/rcd40477-raios-ou-chamas\/","title":{"rendered":"RCD4047 Raios ou Chamas"},"content":{"rendered":"\n<p class=\"has-text-align-right\"><strong>Mensagem de M\u00e3e Maria <br>Atrav\u00e9s de Jane Ribeiro<\/strong><\/p>\n\n\n\n<p>TEMPO DE EXERCITAR O DESAPEGO<\/p>\n\n\n\n<p>28 de abril de 2025<\/p>\n\n\n\n<p>Amados filhos,<\/p>\n\n\n\n<p>Que as b\u00ean\u00e7\u00e3os do amor tragam paz aos vossos corpos, mentes e cora\u00e7\u00f5es.<\/p>\n\n\n\n<p>Momento de grandes desafios, momento de mudan\u00e7as, momento de exercitar o desapego, momento de transforma\u00e7\u00f5es. Urge acordar para agir, amados!<\/p>\n\n\n\n<p>As mudan\u00e7as acontecem cada vez mais rapidamente em vosso planeta e em vossas vidas, e despertar essa percep\u00e7\u00e3o \u00e9 fundamental para que possais, tamb\u00e9m, exercitar as urgentes mudan\u00e7as em vossas vidas que se fazem necess\u00e1rias, neste tempo, quando a humanidade se prepara para mais um salto qu\u00e2ntico em sua evolu\u00e7\u00e3o.<\/p>\n\n\n\n<p>Para tanto equilibrar vossos corpos, mentes e cora\u00e7\u00f5es \u00e9 de vital import\u00e2ncia.<\/p>\n\n\n\n<p>Sem esse equil\u00edbrio a verdade n\u00e3o consegue transparecer cristalina e, sem ela, o desapego t\u00e3o urgente de ser exercitado, para reconquistardes a liberdade, n\u00e3o consegue ser concretizado.<\/p>\n\n\n\n<p>Sim, desapego, amados! H\u00e1 muito tempo venho vos alertando para a necessidade de exercitardes o desapego compreendendo que os apegos n\u00e3o s\u00e3o sin\u00f4nimos de amor ou devo\u00e7\u00e3o.<\/p>\n\n\n\n<p>Pelo contr\u00e1rio, os apegos s\u00e3o fortes la\u00e7os que vos mant\u00e9m atados a pessoas, coisas e situa\u00e7\u00f5es na falsa realidade do mundo da ilus\u00e3o em que estais mergulhados, ilus\u00e3o que neste tempo se dissolve rapidamente como um enorme castelo de areia ao sabor dos ventos.<\/p>\n\n\n\n<p>Urge compreender que sem exercitar o desapego, conscientemente, a vida se encarregar\u00e1 desse trabalho, de cortar vossas amarras, e quase nunca isso acontece de uma forma suave.<\/p>\n\n\n\n<p>N\u00e3o lutai contra a mar\u00e9, amados! \u00c9 tempo de caminhardes com os pr\u00f3prios p\u00e9s, e isso exige que vos desvencilheis de todas as formas de depend\u00eancias; lembrai-vos que o apego f\u00edsico \u00e9 uma dessas formas, n\u00e3o \u00e9 a \u00fanica.<\/p>\n\n\n\n<p>\u00c9 preciso reconhecer vossos apegos em todos os n\u00edveis de vossa exist\u00eancia; buscai na pr\u00e1tica da medita\u00e7\u00e3o a clareza necess\u00e1ria para reconhec\u00ea-los nos n\u00edveis f\u00edsico, emocional e mental. Todos eles s\u00e3o prejudiciais a vossa evolu\u00e7\u00e3o, todos eles s\u00e3o formas de mant\u00ea-lo no mundo da ilus\u00e3o.<\/p>\n\n\n\n<p>N\u00e3o aceitei, pois, a falsa verdade que vos afirma que precisais de alguma coisa, al\u00e9m de v\u00f3s mesmos, para continuardes a jornada. N\u00e3o, amados!<\/p>\n\n\n\n<p>A \u00fanica coisa de que precisais \u00e9 reconhecerdes vossa ess\u00eancia divina e expressar o poder divino que dela decorre.<\/p>\n\n\n\n<p>O poder divino vos torna imbat\u00edveis; o poder divino faz florescer em v\u00f3s a frequ\u00eancia divina do amor incondicional, e \u00e9 esse amor, seu cultivo e manifesta\u00e7\u00e3o, que torna poss\u00edvel a todos v\u00f3s atingir a frequ\u00eancia necess\u00e1ria para que possais transpor os portais que vos abrem acesso ao mundo da liberdade, mundo onde a verdade do Criador impera soberana, e onde todos s\u00e3o verdadeiramente UM.<\/p>\n\n\n\n<p>Reintegrar-vos ao todo n\u00e3o quer dizer que ireis perder vossa individualidade. N\u00e3o, amados!<\/p>\n\n\n\n<p>Sois UM com o Pai e sois o Ser de Luz \u00fanico que est\u00e1 prestes a continuar sua evolu\u00e7\u00e3o com uma nova consci\u00eancia, a consci\u00eancia que deixa o ego\u00edsmo e a separa\u00e7\u00e3o para tr\u00e1s, para sempre manifestar a fraternidade, a solidariedade e o amor incondicional.<\/p>\n\n\n\n<p>Acreditai, amados; a humanidade est\u00e1 prestes a vivenciar a experi\u00eancia da totalidade; ser total e \u00fanico, ser amor e compreens\u00e3o, ser paz e liberdade, ser supremo e absoluto eis que totalmente reintegrado ao Pai.<\/p>\n\n\n\n<p>Bem-amados, buscai, pois, reconhecer todos os apegos que ainda vos mant\u00e9m atados a terceira dimens\u00e3o, para em um esfor\u00e7o consciente dissolver todas as amarras e, assim, poder saborear o fruto da liberdade, continuando vossa jornada sem qualquer tipo de depend\u00eancia, sabendo que o vosso poder \u00e9 o poder do Pai, e o Pai tudo pode, tudo sabe, tudo concretiza.<\/p>\n\n\n\n<p>Bem-amados, que vossas ora\u00e7\u00f5es sejam o combust\u00edvel para sustentar vossos esfor\u00e7os que est\u00e3o por vir, e que vossos esfor\u00e7os vos levem a serem os exemplos para todos os vossos irm\u00e3os, exemplo de determina\u00e7\u00e3o, f\u00e9, for\u00e7a de vontade, exemplos de amor-devo\u00e7\u00e3o, o amor que rompe todas as barreiras para o mergulho de todos v\u00f3s em um mundo feliz.<\/p>\n\n\n\n<p>Bem-amados, Eu vos deixo agora derramando sobre todos v\u00f3s as minhas b\u00ean\u00e7\u00e3os e envolvendo a todos no meu manto de prote\u00e7\u00e3o.<\/p>\n\n\n\n<p>~ Eu Sou Maria, Vossa M\u00e3e<\/p>\n\n\n\n<p>Formata\u00e7\u00e3o \u2013 BLOG DE CORA\u00c7\u00c3O A CORA\u00c7\u00c3O<\/p>\n\n\n\n<figure class=\"wp-block-embed\"><div class=\"wp-block-embed__wrapper\">\nhttp:\/\/www.decoracaoacoracao.blog.br\/\n<\/div><\/figure>\n\n\n\n<figure class=\"wp-block-embed\"><div class=\"wp-block-embed__wrapper\">\nhttp:\/\/stelalecocq.blogspot.com\n<\/div><\/figure>\n\n\n\n<figure class=\"wp-block-embed\"><div class=\"wp-block-embed__wrapper\">\nhttps:\/\/lecocq.wordpress.com\n<\/div><\/figure>\n\n\n\n<p>Instagram \u2013 @blogdecoracaoacoracao<\/p>\n\n\n\n<p>Informa\u00e7\u00f5es e Agendamentos para Mesa Qu\u00e2ntica Estelar, Mesa Pet, Mesa Qu\u00e2ntica 2.0, Florais de Bach, Sistema Regenerador Ashtariano, Sistema Arcturiano de Cura Multidimensional \u2013 lecocqmuller@gmail.com<\/p>\n\n\n\n<p>E-book \u201cMensagens dos Mestres \u2013 De Cora\u00e7\u00e3o a Cora\u00e7\u00e3o\u201d \u2013 https:\/\/mensagensdosmestres.blogspot.com\/<\/p>\n\n\n\n<figure class=\"wp-block-embed\"><div class=\"wp-block-embed__wrapper\">\nhttps:\/\/bit.ly\/mensagensmaemaria\n<\/div><\/figure>\n\n\n\n<p>Respeite todos os cr\u00e9ditos ao compartilhar<\/p>\n\n\n\n<p>LUZ!<\/p>\n\n\n\n<p>STELA<\/p>\n","protected":false},"excerpt":{"rendered":"<p>Mensagem de M\u00e3e Maria Atrav\u00e9s de Jane Ribeiro TEMPO DE EXERCITAR O DESAPEGO 28 de abril de 2025 Amados filhos, Que as b\u00ean\u00e7\u00e3os do amor tragam paz aos vossos corpos, mentes e cora\u00e7\u00f5es. Momento de grandes desafios, momento de mudan\u00e7as, momento de exercitar o desapego, momento de transforma\u00e7\u00f5es. Urge acordar para agir, amados! As mudan\u00e7as [&hellip;]<\/p>\n","protected":false},"author":1,"featured_media":0,"comment_status":"open","ping_status":"open","sticky":false,"template":"","format":"standard","meta":{"_mi_skip_tracking":false},"categories":[3],"tags":[],"_links":{"self":[{"href":"https:\/\/www.miguelfaccio.com.br\/blog\/index.php\/wp-json\/wp\/v2\/posts\/19355"}],"collection":[{"href":"https:\/\/www.miguelfaccio.com.br\/blog\/index.php\/wp-json\/wp\/v2\/posts"}],"about":[{"href":"https:\/\/www.miguelfaccio.com.br\/blog\/index.php\/wp-json\/wp\/v2\/types\/post"}],"author":[{"embeddable":true,"href":"https:\/\/www.miguelfaccio.com.br\/blog\/index.php\/wp-json\/wp\/v2\/users\/1"}],"replies":[{"embeddable":true,"href":"https:\/\/www.miguelfaccio.com.br\/blog\/index.php\/wp-json\/wp\/v2\/comments?post=19355"}],"version-history":[{"count":2,"href":"https:\/\/www.miguelfaccio.com.br\/blog\/index.php\/wp-json\/wp\/v2\/posts\/19355\/revisions"}],"predecessor-version":[{"id":19361,"href":"https:\/\/www.miguelfaccio.com.br\/blog\/index.php\/wp-json\/wp\/v2\/posts\/19355\/revisions\/19361"}],"wp:attachment":[{"href":"https:\/\/www.miguelfaccio.com.br\/blog\/index.php\/wp-json\/wp\/v2\/media?parent=19355"}],"wp:term":[{"taxonomy":"category","embeddable":true,"href":"https:\/\/www.miguelfaccio.com.br\/blog\/index.php\/wp-json\/wp\/v2\/categories?post=19355"},{"taxonomy":"post_tag","embeddable":true,"href":"https:\/\/www.miguelfaccio.com.br\/blog\/index.php\/wp-json\/wp\/v2\/tags?post=19355"}],"curies":[{"name":"wp","href":"https:\/\/api.w.org\/{rel}","templated":true}]}}