{"id":19349,"date":"2025-05-14T09:17:17","date_gmt":"2025-05-14T12:17:17","guid":{"rendered":"https:\/\/www.miguelfaccio.com.br\/blog\/?p=19349"},"modified":"2025-05-14T09:17:19","modified_gmt":"2025-05-14T12:17:19","slug":"plv4099-livro-27-diario-05-12-2022","status":"publish","type":"post","link":"https:\/\/www.miguelfaccio.com.br\/blog\/index.php\/plv4099-livro-27-diario-05-12-2022\/","title":{"rendered":"PLV4099 \u2013 Livro 27 \u2013 Di\u00e1rio, 05\/12\/2022"},"content":{"rendered":"\n<p class=\"has-text-align-right\"><strong>05\/12\/2022<\/strong><\/p>\n\n\n\n<p>Parece que o tempo corre \u00e0 nossa frente. Nem percebemos mais o andar das horas. Tudo parece ficar para tr\u00e1s a isso que chamamos de tempo. H\u00e1 de ser assim. Nossas \u00e2nsias nos remetem \u00e0 despropor\u00e7\u00e3o das coisas como s\u00e3o. Pode o tempo estar sendo um pouco mais veloz, mas, como habitantes deste tempo, precisamos acompanh\u00e1-lo, porque ele est\u00e1 entrando em um novo tempo, uma nova energia, uma nova evolu\u00e7\u00e3o, que est\u00e1 fazendo com que tudo precise adaptar-se a esse novo \u201cstatus quo\u201d da vida. Terminou o tempo de ano ap\u00f3s ano serem totalmente iguais. Agora, a cada dia, sempre haver\u00e1 algo diferente, sen\u00e3o na capta\u00e7\u00e3o das coisas materiais, mas naquelas que englobam a dualidade que, agora mais do que nunca antes, come\u00e7ar\u00e1 a mostrar-se para o consciente do corpo f\u00edsico, que uma nova realidade que o envolve e o atrai para a mudan\u00e7a, para conscientiza\u00e7\u00e3o e para o entendimento de sua totalidade de ser formado por dois princ\u00edpios, o material, e a energia, o esp\u00edrito. Nessas mudan\u00e7as todas, precisam lan\u00e7ar-se de cabe\u00e7a, plenos de entendimento e de confian\u00e7a nessa nova energia, que \u00e9 a reden\u00e7\u00e3o deste planeta, impulsionando-o a ser um planeta de regenera\u00e7\u00e3o, tal qual disse Kardec. Por isso, tanta instabilidade neste tempo, por isso, as sombras est\u00e3o lan\u00e7ando tantos golpes para ver se conseguem retomar muitos de seus redutos j\u00e1 ocupados pela Luz. Impossibilitados de conseguir recuperar seus dom\u00ednios, partem para as destrui\u00e7\u00f5es.<\/p>\n","protected":false},"excerpt":{"rendered":"<p>05\/12\/2022 Parece que o tempo corre \u00e0 nossa frente. Nem percebemos mais o andar das horas. Tudo parece ficar para tr\u00e1s a isso que chamamos de tempo. H\u00e1 de ser assim. Nossas \u00e2nsias nos remetem \u00e0 despropor\u00e7\u00e3o das coisas como s\u00e3o. Pode o tempo estar sendo um pouco mais veloz, mas, como habitantes deste tempo, [&hellip;]<\/p>\n","protected":false},"author":1,"featured_media":0,"comment_status":"open","ping_status":"open","sticky":false,"template":"","format":"standard","meta":{"_mi_skip_tracking":false},"categories":[33],"tags":[],"_links":{"self":[{"href":"https:\/\/www.miguelfaccio.com.br\/blog\/index.php\/wp-json\/wp\/v2\/posts\/19349"}],"collection":[{"href":"https:\/\/www.miguelfaccio.com.br\/blog\/index.php\/wp-json\/wp\/v2\/posts"}],"about":[{"href":"https:\/\/www.miguelfaccio.com.br\/blog\/index.php\/wp-json\/wp\/v2\/types\/post"}],"author":[{"embeddable":true,"href":"https:\/\/www.miguelfaccio.com.br\/blog\/index.php\/wp-json\/wp\/v2\/users\/1"}],"replies":[{"embeddable":true,"href":"https:\/\/www.miguelfaccio.com.br\/blog\/index.php\/wp-json\/wp\/v2\/comments?post=19349"}],"version-history":[{"count":1,"href":"https:\/\/www.miguelfaccio.com.br\/blog\/index.php\/wp-json\/wp\/v2\/posts\/19349\/revisions"}],"predecessor-version":[{"id":19350,"href":"https:\/\/www.miguelfaccio.com.br\/blog\/index.php\/wp-json\/wp\/v2\/posts\/19349\/revisions\/19350"}],"wp:attachment":[{"href":"https:\/\/www.miguelfaccio.com.br\/blog\/index.php\/wp-json\/wp\/v2\/media?parent=19349"}],"wp:term":[{"taxonomy":"category","embeddable":true,"href":"https:\/\/www.miguelfaccio.com.br\/blog\/index.php\/wp-json\/wp\/v2\/categories?post=19349"},{"taxonomy":"post_tag","embeddable":true,"href":"https:\/\/www.miguelfaccio.com.br\/blog\/index.php\/wp-json\/wp\/v2\/tags?post=19349"}],"curies":[{"name":"wp","href":"https:\/\/api.w.org\/{rel}","templated":true}]}}