{"id":19343,"date":"2025-05-12T09:33:33","date_gmt":"2025-05-12T12:33:33","guid":{"rendered":"https:\/\/www.miguelfaccio.com.br\/blog\/?p=19343"},"modified":"2025-05-12T09:33:35","modified_gmt":"2025-05-12T12:33:35","slug":"rcd4045-raios-ou-chamas","status":"publish","type":"post","link":"https:\/\/www.miguelfaccio.com.br\/blog\/index.php\/rcd4045-raios-ou-chamas\/","title":{"rendered":"RCD4045 Raios ou Chamas"},"content":{"rendered":"\n<p class=\"has-text-align-right\"><strong>Maria Madalena <br>Atrav\u00e9s de Natalie Glasson<\/strong><\/p>\n\n\n\n<p>ELIMINANDO A TURBUL\u00caNCIA<\/p>\n\n\n\n<p>02 de maio de 2025<\/p>\n\n\n\n<p>Sauda\u00e7\u00f5es, Sou Maria Madalena.<\/p>\n\n\n\n<p>\u00c9 uma honra estar aqui novamente.<\/p>\n\n\n\n<p>Desejo continuar compartilhando informa\u00e7\u00f5es.<\/p>\n\n\n\n<p>Na minha experi\u00eancia anterior com voc\u00eas, falei sobre entrar em um reino divino \u2014 um novo reino da sua pr\u00f3pria divindade \u2014 e como isso pode ser alcan\u00e7ado.<\/p>\n\n\n\n<p>Ao se imaginar como sua frequ\u00eancia\/ser\/manifesta\u00e7\u00e3o mais divina e se permitir incorporar essas frequ\u00eancias, cada parte do seu ser transita e se transforma. \u00c9 como se voc\u00ea entrasse em um novo reino da sua pr\u00f3pria divindade; como uma nova dimens\u00e3o do seu eu divino. Quando isso \u00e9 praticado e voc\u00ea realmente acredita nisso, voc\u00ea se permite acessar um poder divino.<\/p>\n\n\n\n<p>Voc\u00ea pode usar esse poder divino para servir a si mesmo e aos outros. Quando existimos e incorporamos nosso eu divino \u2013 nossa divindade \u2013 n\u00e3o se trata apenas do indiv\u00edduo; reconhecemos cada um como parte de nossa pr\u00f3pria divindade. Podemos reconhecer que aquilo que reconhecemos em nosso pr\u00f3prio ser est\u00e1 nos outros.<\/p>\n\n\n\n<p>Portanto, constru\u00edmos uma pr\u00e1tica em que, tudo o que somos guiados a alcan\u00e7ar para n\u00f3s mesmos, tamb\u00e9m presenteamos a humanidade e todos os seres. Por exemplo, se voc\u00ea est\u00e1 trabalhando em um aspecto da cura para si mesmo, ent\u00e3o voc\u00ea tamb\u00e9m pode, uma vez que essa cura seja presenteada\/compartilhada\/incorporada, presentear\/compartilhar\/incorporar essa cura com todos os seres.<\/p>\n\n\n\n<p>Isso realmente cria uma mudan\u00e7a poderosa, porque quando um indiv\u00edduo realiza uma transforma\u00e7\u00e3o, ela impacta a consci\u00eancia da humanidade; impacta a vibra\u00e7\u00e3o e as cria\u00e7\u00f5es da humanidade.<\/p>\n\n\n\n<p>No entanto, quando um ser realiza uma transforma\u00e7\u00e3o e ent\u00e3o dedica e presenteia todos os seres com a mesma transforma\u00e7\u00e3o, o impacto \u00e9 imenso; transforma vidas. \u00c9 t\u00e3o poderoso que cria uma mudan\u00e7a de ascens\u00e3o para todos.<\/p>\n\n\n\n<p>Oferecer e compartilhar qualquer transi\u00e7\u00e3o ou pr\u00e1tica que voc\u00ea proporcione a si mesmo e aos outros requer simplesmente um processo de inten\u00e7\u00e3o\/pensamento. N\u00e3o precisa ser demorado.<\/p>\n\n\n\n<p>Em muitos aspectos, voc\u00ea nem precisa tomar nenhuma atitude f\u00edsica. N\u00e3o estamos pedindo que voc\u00ea cure cada ser individualmente; trata-se mais de criar um ritual \u2013 aquilo que voc\u00ea oferece a si mesmo, voc\u00ea oferece aos outros tamb\u00e9m.<\/p>\n\n\n\n<p>Outro exemplo poderia ser: voc\u00ea preparou uma refei\u00e7\u00e3o para si mesmo e est\u00e1 comendo. Voc\u00ea sente que ela \u00e9 t\u00e3o nutritiva e nutritiva, e est\u00e1 desfrutando desse prazer. Voc\u00ea poderia ent\u00e3o, mentalmente ou em voz alta, declarar que presenteia essa nutri\u00e7\u00e3o\/nutri\u00e7\u00e3o\/prazer a toda a humanidade\u2026 a todos os seres\u2026 que eles a absorvam e se beneficiem dela.<\/p>\n\n\n\n<p>Naquele momento, com um simples pensamento, voc\u00ea criou uma poderosa mudan\u00e7a de ascens\u00e3o para todos. Nem todos os seres estar\u00e3o prontos e dispostos a receber isso, mas \u00e9 quase como se estivessem logados em uma biblioteca e, quando estiverem prontos, essas b\u00ean\u00e7\u00e3os e d\u00e1divas poder\u00e3o se integrar ao seu ser.<\/p>\n\n\n\n<p>Ent\u00e3o voc\u00ea tem um poder ao se conectar com sua pr\u00f3pria divindade, e esse poder significa que quando voc\u00ea cria uma inten\u00e7\u00e3o como a que eu sugeri \u2014 presentear toda a humanidade e todos os seres \u2014 voc\u00ea est\u00e1, na verdade, usando esse poder da divindade dentro do seu ser, e est\u00e1 compartilhando sua divindade com a inten\u00e7\u00e3o\/pensamento que foi criado; voc\u00ea est\u00e1 compartilhando isso com toda a humanidade e todos os seres.<\/p>\n\n\n\n<p>Voc\u00ea poderia realizar isso v\u00e1rias vezes ao dia e, devido \u00e0 sua conex\u00e3o com a sua divindade, cada vez seria poderoso para voc\u00ea e para todos os seres. Quanto mais voc\u00ea realiza isso, mais o seu pr\u00f3prio poder emerge; mais o poder da sua divindade emerge.<\/p>\n\n\n\n<p>Com isso em mente, voc\u00ea tem a capacidade de limpar a turbul\u00eancia, n\u00e3o apenas do seu pr\u00f3prio ser, mas tamb\u00e9m de todos os seres. N\u00e3o \u00e9 como se voc\u00ea estivesse assumindo a turbul\u00eancia dos outros \u2013 trabalhando nela, limpando-a e devolvendo-a purificada \u2013 \u00e9 como eu disse anteriormente\u2026 a inten\u00e7\u00e3o\u2026 aquela d\u00e1diva de compartilhar tudo o que voc\u00ea recebe, para que voc\u00ea compartilhe com os outros.<\/p>\n\n\n\n<p>continua<\/p>\n","protected":false},"excerpt":{"rendered":"<p>Maria Madalena Atrav\u00e9s de Natalie Glasson ELIMINANDO A TURBUL\u00caNCIA 02 de maio de 2025 Sauda\u00e7\u00f5es, Sou Maria Madalena. \u00c9 uma honra estar aqui novamente. Desejo continuar compartilhando informa\u00e7\u00f5es. Na minha experi\u00eancia anterior com voc\u00eas, falei sobre entrar em um reino divino \u2014 um novo reino da sua pr\u00f3pria divindade \u2014 e como isso pode ser [&hellip;]<\/p>\n","protected":false},"author":1,"featured_media":0,"comment_status":"open","ping_status":"open","sticky":false,"template":"","format":"standard","meta":{"_mi_skip_tracking":false},"categories":[3],"tags":[],"_links":{"self":[{"href":"https:\/\/www.miguelfaccio.com.br\/blog\/index.php\/wp-json\/wp\/v2\/posts\/19343"}],"collection":[{"href":"https:\/\/www.miguelfaccio.com.br\/blog\/index.php\/wp-json\/wp\/v2\/posts"}],"about":[{"href":"https:\/\/www.miguelfaccio.com.br\/blog\/index.php\/wp-json\/wp\/v2\/types\/post"}],"author":[{"embeddable":true,"href":"https:\/\/www.miguelfaccio.com.br\/blog\/index.php\/wp-json\/wp\/v2\/users\/1"}],"replies":[{"embeddable":true,"href":"https:\/\/www.miguelfaccio.com.br\/blog\/index.php\/wp-json\/wp\/v2\/comments?post=19343"}],"version-history":[{"count":1,"href":"https:\/\/www.miguelfaccio.com.br\/blog\/index.php\/wp-json\/wp\/v2\/posts\/19343\/revisions"}],"predecessor-version":[{"id":19344,"href":"https:\/\/www.miguelfaccio.com.br\/blog\/index.php\/wp-json\/wp\/v2\/posts\/19343\/revisions\/19344"}],"wp:attachment":[{"href":"https:\/\/www.miguelfaccio.com.br\/blog\/index.php\/wp-json\/wp\/v2\/media?parent=19343"}],"wp:term":[{"taxonomy":"category","embeddable":true,"href":"https:\/\/www.miguelfaccio.com.br\/blog\/index.php\/wp-json\/wp\/v2\/categories?post=19343"},{"taxonomy":"post_tag","embeddable":true,"href":"https:\/\/www.miguelfaccio.com.br\/blog\/index.php\/wp-json\/wp\/v2\/tags?post=19343"}],"curies":[{"name":"wp","href":"https:\/\/api.w.org\/{rel}","templated":true}]}}