{"id":19337,"date":"2025-05-11T10:00:22","date_gmt":"2025-05-11T13:00:22","guid":{"rendered":"https:\/\/www.miguelfaccio.com.br\/blog\/?p=19337"},"modified":"2025-05-11T10:00:24","modified_gmt":"2025-05-11T13:00:24","slug":"plv4096-livro-27-diario-02-12-2022","status":"publish","type":"post","link":"https:\/\/www.miguelfaccio.com.br\/blog\/index.php\/plv4096-livro-27-diario-02-12-2022\/","title":{"rendered":"PLV4096 \u2013 Livro 27 \u2013 Di\u00e1rio, 02\/12\/2022"},"content":{"rendered":"\n<p class=\"has-text-align-right\"><strong>02\/12\/2022<\/strong><\/p>\n\n\n\n<p>\u00c9-nos um tanto dif\u00edcil perceber e vivenciar essas transforma\u00e7\u00f5es que est\u00e3o sendo processadas no n\u00edvel de energia. H\u00e1 informa\u00e7\u00f5es vindas do plano maior que as sombras j\u00e1 est\u00e3o sendo dominadas e que a Terra j\u00e1 est\u00e1 no caminho de libertar-se de toda essa catarse trazida, criada e mantida pelas sombras, atrav\u00e9s dos seus cavalos de batalha humanos, e seguidos por aqueles que, desprovidos de bases e de par\u00e2metros para analisarem as consequ\u00eancias de seus atos, que podem levar n\u00e3o s\u00f3 a si pr\u00f3prios como a comunidade e o pr\u00f3prio pa\u00eds onde vivem a entregarem-se \u00e0s garras das sombras, que, sob belas fal\u00e1cias, eivadas de mentiras, enganam aqueles inocentes \u00fateis que se agregam \u00e0s fileiras da destrui\u00e7\u00e3o. Ao menos as informa\u00e7\u00f5es que recebemos s\u00e3o que o planeta ser\u00e1 brevemente limpo dessas mentes diab\u00f3licas e seus asseclas, abrindo ent\u00e3o as fileiras para aqueles que, de cora\u00e7\u00e3o, alma e esp\u00edrito entregarem-se a conseguir sua evolu\u00e7\u00e3o, porque sabem que logo ali adiante estar\u00e1 a coroa de louros que se d\u00e1 \u00e0queles que com f\u00e9 e coragem se lan\u00e7arem na experiencia\u00e7\u00e3o e entendimento das leis que impulsionam sua evolu\u00e7\u00e3o para alcan\u00e7ar a mestria, que \u00e9, tamb\u00e9m, o final de uma vida repleta de provas e expia\u00e7\u00f5es e assim poder\u00e1 subir mais um degrau de sua evolu\u00e7\u00e3o espiritual. Estes entrar\u00e3o para uma dimens\u00e3o que lhe faculta saber o resultado daquilo que seu pensamento criou.<\/p>\n","protected":false},"excerpt":{"rendered":"<p>02\/12\/2022 \u00c9-nos um tanto dif\u00edcil perceber e vivenciar essas transforma\u00e7\u00f5es que est\u00e3o sendo processadas no n\u00edvel de energia. H\u00e1 informa\u00e7\u00f5es vindas do plano maior que as sombras j\u00e1 est\u00e3o sendo dominadas e que a Terra j\u00e1 est\u00e1 no caminho de libertar-se de toda essa catarse trazida, criada e mantida pelas sombras, atrav\u00e9s dos seus cavalos [&hellip;]<\/p>\n","protected":false},"author":1,"featured_media":0,"comment_status":"open","ping_status":"open","sticky":false,"template":"","format":"standard","meta":{"_mi_skip_tracking":false},"categories":[33],"tags":[],"_links":{"self":[{"href":"https:\/\/www.miguelfaccio.com.br\/blog\/index.php\/wp-json\/wp\/v2\/posts\/19337"}],"collection":[{"href":"https:\/\/www.miguelfaccio.com.br\/blog\/index.php\/wp-json\/wp\/v2\/posts"}],"about":[{"href":"https:\/\/www.miguelfaccio.com.br\/blog\/index.php\/wp-json\/wp\/v2\/types\/post"}],"author":[{"embeddable":true,"href":"https:\/\/www.miguelfaccio.com.br\/blog\/index.php\/wp-json\/wp\/v2\/users\/1"}],"replies":[{"embeddable":true,"href":"https:\/\/www.miguelfaccio.com.br\/blog\/index.php\/wp-json\/wp\/v2\/comments?post=19337"}],"version-history":[{"count":1,"href":"https:\/\/www.miguelfaccio.com.br\/blog\/index.php\/wp-json\/wp\/v2\/posts\/19337\/revisions"}],"predecessor-version":[{"id":19338,"href":"https:\/\/www.miguelfaccio.com.br\/blog\/index.php\/wp-json\/wp\/v2\/posts\/19337\/revisions\/19338"}],"wp:attachment":[{"href":"https:\/\/www.miguelfaccio.com.br\/blog\/index.php\/wp-json\/wp\/v2\/media?parent=19337"}],"wp:term":[{"taxonomy":"category","embeddable":true,"href":"https:\/\/www.miguelfaccio.com.br\/blog\/index.php\/wp-json\/wp\/v2\/categories?post=19337"},{"taxonomy":"post_tag","embeddable":true,"href":"https:\/\/www.miguelfaccio.com.br\/blog\/index.php\/wp-json\/wp\/v2\/tags?post=19337"}],"curies":[{"name":"wp","href":"https:\/\/api.w.org\/{rel}","templated":true}]}}