{"id":19333,"date":"2025-05-10T10:06:54","date_gmt":"2025-05-10T13:06:54","guid":{"rendered":"https:\/\/www.miguelfaccio.com.br\/blog\/?p=19333"},"modified":"2025-05-10T10:06:56","modified_gmt":"2025-05-10T13:06:56","slug":"plv4095-livro-27-diario-01-12-2022","status":"publish","type":"post","link":"https:\/\/www.miguelfaccio.com.br\/blog\/index.php\/plv4095-livro-27-diario-01-12-2022\/","title":{"rendered":"PLV4095 \u2013 Livro 27 \u2013 Di\u00e1rio, 01\/12\/2022"},"content":{"rendered":"\n<p class=\"has-text-align-right\"><strong>01\/12\/2022<\/strong><\/p>\n\n\n\n<p>N\u00e3o somos da Terra, estamos na Terra. Tal como n\u00e3o somos corpos f\u00edsicos, mas estamos em um corpo f\u00edsico. Da mesma forma que n\u00e3o somos um carro, estamos motoristas. Esta \u00e9 a grande realidade da vida. Aqui na mat\u00e9ria, estamos, da mesma forma que o motorista, dirigindo um ve\u00edculo para nos levar a um lugar determinado. Quando na mat\u00e9ria, no corpo f\u00edsico, estamos experienciando os conhecimentos, porque s\u00e3o esses que assentam nossos passos para poder evoluir. Esse corpo a que nos vinculamos, ser\u00e1 o ve\u00edculo que poder\u00e1 nos levar a uma evolu\u00e7\u00e3o um pouco maior, ou, talvez, resgatar o que tenha feito contra a lei. H\u00e1 uma inconsci\u00eancia t\u00e3o grande nesta humanidade quanto ao conhecimento da real finalidade do corpo f\u00edsico, e muito maior quanto ao motorista que est\u00e1 dentro dele que lhe faculta todas as suas capacidades e inclusive, a evolu\u00e7\u00e3o de seu pr\u00f3prio motorista possa parar para o corpo f\u00edsico. Na terceira dimens\u00e3o, encontra-se a dualidade mais importante, d\u00e1 para dizer, do universo. Por um simples motivo: na primeira dimens\u00e3o, o esp\u00edrito \u00e9 tratado como uma crian\u00e7a de colo, na segunda dimens\u00e3o come\u00e7a a experienciar como uma crian\u00e7a que engatinha pelo ch\u00e3o e p\u00f5e tudo o que acha na boca. Na terceira dimens\u00e3o, \u00e9 o per\u00edodo do criar e ressarcir. Tudo o que seus pensamentos, suas palavras e suas obras criarem, servir\u00e1 para evolu\u00ed-lo ou ter\u00e1 que ressarcir. Os que j\u00e1 estiverem na quinta dimens\u00e3o em diante, n\u00e3o passam mais pelo criar e ressarcir. Seus pensamentos j\u00e1 s\u00e3o direcionados para a satisfa\u00e7\u00e3o de suas necessidades.<\/p>\n","protected":false},"excerpt":{"rendered":"<p>01\/12\/2022 N\u00e3o somos da Terra, estamos na Terra. Tal como n\u00e3o somos corpos f\u00edsicos, mas estamos em um corpo f\u00edsico. Da mesma forma que n\u00e3o somos um carro, estamos motoristas. Esta \u00e9 a grande realidade da vida. Aqui na mat\u00e9ria, estamos, da mesma forma que o motorista, dirigindo um ve\u00edculo para nos levar a um [&hellip;]<\/p>\n","protected":false},"author":1,"featured_media":0,"comment_status":"open","ping_status":"open","sticky":false,"template":"","format":"standard","meta":{"_mi_skip_tracking":false},"categories":[33],"tags":[],"_links":{"self":[{"href":"https:\/\/www.miguelfaccio.com.br\/blog\/index.php\/wp-json\/wp\/v2\/posts\/19333"}],"collection":[{"href":"https:\/\/www.miguelfaccio.com.br\/blog\/index.php\/wp-json\/wp\/v2\/posts"}],"about":[{"href":"https:\/\/www.miguelfaccio.com.br\/blog\/index.php\/wp-json\/wp\/v2\/types\/post"}],"author":[{"embeddable":true,"href":"https:\/\/www.miguelfaccio.com.br\/blog\/index.php\/wp-json\/wp\/v2\/users\/1"}],"replies":[{"embeddable":true,"href":"https:\/\/www.miguelfaccio.com.br\/blog\/index.php\/wp-json\/wp\/v2\/comments?post=19333"}],"version-history":[{"count":1,"href":"https:\/\/www.miguelfaccio.com.br\/blog\/index.php\/wp-json\/wp\/v2\/posts\/19333\/revisions"}],"predecessor-version":[{"id":19334,"href":"https:\/\/www.miguelfaccio.com.br\/blog\/index.php\/wp-json\/wp\/v2\/posts\/19333\/revisions\/19334"}],"wp:attachment":[{"href":"https:\/\/www.miguelfaccio.com.br\/blog\/index.php\/wp-json\/wp\/v2\/media?parent=19333"}],"wp:term":[{"taxonomy":"category","embeddable":true,"href":"https:\/\/www.miguelfaccio.com.br\/blog\/index.php\/wp-json\/wp\/v2\/categories?post=19333"},{"taxonomy":"post_tag","embeddable":true,"href":"https:\/\/www.miguelfaccio.com.br\/blog\/index.php\/wp-json\/wp\/v2\/tags?post=19333"}],"curies":[{"name":"wp","href":"https:\/\/api.w.org\/{rel}","templated":true}]}}