{"id":19327,"date":"2025-05-09T10:10:51","date_gmt":"2025-05-09T13:10:51","guid":{"rendered":"https:\/\/www.miguelfaccio.com.br\/blog\/?p=19327"},"modified":"2025-05-09T10:10:53","modified_gmt":"2025-05-09T13:10:53","slug":"plv4094-livro-27-diario-30-11-2022","status":"publish","type":"post","link":"https:\/\/www.miguelfaccio.com.br\/blog\/index.php\/plv4094-livro-27-diario-30-11-2022\/","title":{"rendered":"PLV4094 \u2013 Livro 27 \u2013 Di\u00e1rio, 30\/11\/2022"},"content":{"rendered":"\n<p class=\"has-text-align-right\"><strong>30\/11\/2022<\/strong><\/p>\n\n\n\n<p>Assim como o m\u00eas de novembro est\u00e1 em seu \u00faltimo dia, isto \u00e9, terminando, tudo tem seu in\u00edcio, meio e fim. N\u00e3o h\u00e1 outra forma. At\u00e9 a ess\u00eancia Divina que mora no cora\u00e7\u00e3o de cada ser, inicia em uma frequ\u00eancia passa um tempo e termina iniciando outra frequ\u00eancia mais elevada. Chama-se a isso de evolu\u00e7\u00e3o, quando o conhecimento, a evolu\u00e7\u00e3o da mat\u00e9ria, estiver conectada com o esp\u00edrito, a pr\u00f3pria mat\u00e9ria evolui. O impulsionador de toda a evolu\u00e7\u00e3o chama-se esp\u00edrito. Quanto mais o esp\u00edrito evoluir, maior ser\u00e1 a repercuss\u00e3o sobre a mat\u00e9ria. Sei muito bem que as ci\u00eancias dos homens n\u00e3o incluem a ess\u00eancia Divina nos seus conhecimentos, se a aceitassem, estudassem, perquirissem, poderiam multiplicar v\u00e1rias vezes seu conhecimento e inclusive possibilitar ao homem, atrav\u00e9s de seu pensamento, satisfazer as necessidades de uma sociedade toda, precipitando do dep\u00f3sito do universo, especialmente o alimento para essa popula\u00e7\u00e3o. Porque tudo \u00e9 poss\u00edvel atrav\u00e9s do pensamento, do ser que o usa, quando este est\u00e1 evolutivamente capacitado a buscar na despensa de Deus, especialmente aquilo que beneficia seus irm\u00e3os menos afortunados. Ser\u00e1 que a ci\u00eancia dos homens, ou dos homens que usam essa ci\u00eancia, n\u00e3o consegue deduzir que tudo, com refer\u00eancia aos seres humanos, partiu do pensamento de algu\u00e9m? Vendo tudo o que o ser humano j\u00e1 produziu, n\u00e3o se convencer de que o pensamento \u00e9 o poder criador dado por Deus ao cri\u00e1-lo? N\u00e3o se convencer que o pensamento nos torna Deuses? \u00c9 exatamente por isso que Jesus diz no Evangelho de Jo\u00e3o 10:34 \u201cV\u00f3s Sois Deuses\u201d. Qual \u00e9 a dificuldade em entender isso?<\/p>\n","protected":false},"excerpt":{"rendered":"<p>30\/11\/2022 Assim como o m\u00eas de novembro est\u00e1 em seu \u00faltimo dia, isto \u00e9, terminando, tudo tem seu in\u00edcio, meio e fim. N\u00e3o h\u00e1 outra forma. At\u00e9 a ess\u00eancia Divina que mora no cora\u00e7\u00e3o de cada ser, inicia em uma frequ\u00eancia passa um tempo e termina iniciando outra frequ\u00eancia mais elevada. Chama-se a isso de [&hellip;]<\/p>\n","protected":false},"author":1,"featured_media":0,"comment_status":"open","ping_status":"open","sticky":false,"template":"","format":"standard","meta":{"_mi_skip_tracking":false},"categories":[33],"tags":[],"_links":{"self":[{"href":"https:\/\/www.miguelfaccio.com.br\/blog\/index.php\/wp-json\/wp\/v2\/posts\/19327"}],"collection":[{"href":"https:\/\/www.miguelfaccio.com.br\/blog\/index.php\/wp-json\/wp\/v2\/posts"}],"about":[{"href":"https:\/\/www.miguelfaccio.com.br\/blog\/index.php\/wp-json\/wp\/v2\/types\/post"}],"author":[{"embeddable":true,"href":"https:\/\/www.miguelfaccio.com.br\/blog\/index.php\/wp-json\/wp\/v2\/users\/1"}],"replies":[{"embeddable":true,"href":"https:\/\/www.miguelfaccio.com.br\/blog\/index.php\/wp-json\/wp\/v2\/comments?post=19327"}],"version-history":[{"count":1,"href":"https:\/\/www.miguelfaccio.com.br\/blog\/index.php\/wp-json\/wp\/v2\/posts\/19327\/revisions"}],"predecessor-version":[{"id":19328,"href":"https:\/\/www.miguelfaccio.com.br\/blog\/index.php\/wp-json\/wp\/v2\/posts\/19327\/revisions\/19328"}],"wp:attachment":[{"href":"https:\/\/www.miguelfaccio.com.br\/blog\/index.php\/wp-json\/wp\/v2\/media?parent=19327"}],"wp:term":[{"taxonomy":"category","embeddable":true,"href":"https:\/\/www.miguelfaccio.com.br\/blog\/index.php\/wp-json\/wp\/v2\/categories?post=19327"},{"taxonomy":"post_tag","embeddable":true,"href":"https:\/\/www.miguelfaccio.com.br\/blog\/index.php\/wp-json\/wp\/v2\/tags?post=19327"}],"curies":[{"name":"wp","href":"https:\/\/api.w.org\/{rel}","templated":true}]}}