{"id":19325,"date":"2025-05-08T08:13:00","date_gmt":"2025-05-08T11:13:00","guid":{"rendered":"https:\/\/www.miguelfaccio.com.br\/blog\/?p=19325"},"modified":"2025-05-08T08:13:02","modified_gmt":"2025-05-08T11:13:02","slug":"rcd4041-raios-ou-chamas","status":"publish","type":"post","link":"https:\/\/www.miguelfaccio.com.br\/blog\/index.php\/rcd4041-raios-ou-chamas\/","title":{"rendered":"RCD4041 Raios ou Chamas"},"content":{"rendered":"\n<p class=\"has-text-align-right\"><strong>Os Criadores da 12D <br>Canalizado por Daniel Scranton<\/strong><\/p>\n\n\n\n<p>COMO PODEMOS RESPONDER \u00c0S SUAS ORA\u00c7\u00d5ES<\/p>\n\n\n\n<p>04 de maio de 2025<\/p>\n\n\n\n<p>Estamos aqui para voc\u00ea. N\u00f3s Somos Os Criadores. Somos um coletivo de seres n\u00e3o f\u00edsicos da d\u00e9cima segunda dimens\u00e3o e estamos aqui para ajudar.<\/p>\n\n\n\n<p>N\u00f3s o amamos e respeitamos tanto que jamais desejar\u00edamos atropelar seu livre-arb\u00edtrio e, ainda assim, pedimos sua ajuda para ajud\u00e1-lo. Sabemos que h\u00e1 muita coisa que voc\u00ea gostaria de ver acontecendo na Terra e que n\u00e3o est\u00e1 acontecendo neste momento e, embora n\u00e3o possamos fazer nada acontecer em sua realidade, certamente podemos colocar as engrenagens em movimento energeticamente para voc\u00ea.<\/p>\n\n\n\n<p>E \u00e9 isso que voc\u00ea recebe quando tem uma ora\u00e7\u00e3o atendida. Voc\u00ea recebe uma resposta energ\u00e9tica que coloca as engrenagens em movimento, o que pode concretizar algo que voc\u00ea deseja, mas ningu\u00e9m pode fazer algo acontecer em sua realidade sem o seu consentimento.<\/p>\n\n\n\n<p>Sua concord\u00e2ncia pode vir no n\u00edvel mental, sim, mas tamb\u00e9m deve vir vibracionalmente.<\/p>\n\n\n\n<p>Voc\u00ea deve ser compat\u00edvel com aquilo que busca e, embora possamos iniciar o processo de trazer algo que voc\u00ea deseja individual ou coletivamente, voc\u00ea deve ent\u00e3o se conectar a ele para receb\u00ea-lo.<\/p>\n\n\n\n<p>Agora, conectar-se ao que voc\u00ea deseja n\u00e3o precisa ser dif\u00edcil. N\u00e3o precisa envolver equa\u00e7\u00f5es matem\u00e1ticas. Voc\u00ea n\u00e3o precisa descobrir qual \u00e9 a frequ\u00eancia correta para realiz\u00e1-lo. Em vez disso, sugerimos que voc\u00ea relaxe com a sensa\u00e7\u00e3o da melhor maneira poss\u00edvel.<\/p>\n\n\n\n<p>Tenha f\u00e9 e saiba que tudo o que voc\u00ea deseja est\u00e1 a caminho. Quando voc\u00ea est\u00e1 nesse n\u00edvel de relaxamento, est\u00e1 no modo de ter suas ora\u00e7\u00f5es atendidas.<\/p>\n\n\n\n<p>Se estiver em d\u00favida ou com medo, \u00e9 menos prov\u00e1vel que receba o que pediu, e ent\u00e3o precisa acreditar em si mesmo e na sua capacidade de se elevar ao n\u00edvel de consci\u00eancia que corresponde ao que pediu.<\/p>\n\n\n\n<p>Voc\u00eas s\u00e3o cocriadores de tudo isso. Voc\u00eas est\u00e3o participando de suas vidas e s\u00e3o voc\u00eas que est\u00e3o determinando o que gostariam de ver.<\/p>\n\n\n\n<p>Portanto, o pedido importa. Sua presen\u00e7a importa, e o que voc\u00ea pediu \u00e9 uma realidade melhor. Essa realidade melhor est\u00e1 sendo determinada por voc\u00ea. O que voc\u00ea est\u00e1 vivendo \u00e9 importante, e voc\u00ea \u00e9 um fator importante na equa\u00e7\u00e3o da cria\u00e7\u00e3o da realidade.<\/p>\n\n\n\n<p>N\u00f3s e os outros seres n\u00e3o f\u00edsicos que buscam ajud\u00e1-lo continuaremos a fazer a nossa parte, mas queremos que voc\u00ea saiba que n\u00e3o podemos simplesmente anular sua vibra\u00e7\u00e3o.<\/p>\n\n\n\n<p>Sua f\u00e9 em n\u00f3s o ajuda. Ela o ajuda a reconhecer que voc\u00ea tem ajuda do outro lado, e \u00e9 assim que sua cren\u00e7a naquilo que \u00e9 n\u00e3o f\u00edsico o serve, mas tamb\u00e9m sempre o encorajaremos a acreditar em si mesmo e em suas habilidades.<\/p>\n\n\n\n<p>Alguns de voc\u00eas ainda n\u00e3o acessaram nem uma fra\u00e7\u00e3o da sua capacidade de criar, de se tornarem um com aquilo que criaram, e isso \u00e9 algo com que buscamos ajud\u00e1-los em cada uma das nossas transmiss\u00f5es de energia que lhes trazemos.<\/p>\n\n\n\n<p>Esperamos que esta transmiss\u00e3o tenha ajudado a tornar mais claro como trabalhamos com voc\u00eas e como podemos servi-los.<\/p>\n\n\n\n<p>~ N\u00f3s Somos Os Criadores e os amamos muito<\/p>\n\n\n\n<p>Formata\u00e7\u00e3o e tradu\u00e7\u00e3o \u2013 BLOG DE CORA\u00c7\u00c3O A CORA\u00c7\u00c3O<\/p>\n\n\n\n<figure class=\"wp-block-embed\"><div class=\"wp-block-embed__wrapper\">\nhttp:\/\/www.decoracaoacoracao.blog.br\/\n<\/div><\/figure>\n\n\n\n<figure class=\"wp-block-embed\"><div class=\"wp-block-embed__wrapper\">\nhttp:\/\/stelalecocq.blogspot.com\n<\/div><\/figure>\n\n\n\n<figure class=\"wp-block-embed\"><div class=\"wp-block-embed__wrapper\">\nhttps:\/\/lecocq.wordpress.com\n<\/div><\/figure>\n\n\n\n<p>Instagram \u2013 @blogdecoracaoacoracao<\/p>\n\n\n\n<p>Informa\u00e7\u00f5es e Agendamentos para Mesa Qu\u00e2ntica Estelar, Mesa Pet, Mesa Qu\u00e2ntica 2.0, Florais de Bach, Sistema Regenerador Ashtariano, Sistema Arcturiano de Cura Multidimensional \u2013 lecocqmuller@gmail.com<\/p>\n\n\n\n<p>E-book \u201cMensagens dos Mestres \u2013 De Cora\u00e7\u00e3o a Cora\u00e7\u00e3o\u201d \u2013 https:\/\/mensagensdosmestres.blogspot.com\/<\/p>\n\n\n\n<figure class=\"wp-block-embed\"><div class=\"wp-block-embed__wrapper\">\nhttps:\/\/danielscranton.com\/\n<\/div><\/figure>\n\n\n\n<p>Respeite todos os cr\u00e9ditos ao compartilhar<\/p>\n\n\n\n<p>LUZ!<\/p>\n\n\n\n<p>STELA<\/p>\n","protected":false},"excerpt":{"rendered":"<p>Os Criadores da 12D Canalizado por Daniel Scranton COMO PODEMOS RESPONDER \u00c0S SUAS ORA\u00c7\u00d5ES 04 de maio de 2025 Estamos aqui para voc\u00ea. N\u00f3s Somos Os Criadores. Somos um coletivo de seres n\u00e3o f\u00edsicos da d\u00e9cima segunda dimens\u00e3o e estamos aqui para ajudar. N\u00f3s o amamos e respeitamos tanto que jamais desejar\u00edamos atropelar seu livre-arb\u00edtrio [&hellip;]<\/p>\n","protected":false},"author":1,"featured_media":0,"comment_status":"open","ping_status":"open","sticky":false,"template":"","format":"standard","meta":{"_mi_skip_tracking":false},"categories":[3],"tags":[],"_links":{"self":[{"href":"https:\/\/www.miguelfaccio.com.br\/blog\/index.php\/wp-json\/wp\/v2\/posts\/19325"}],"collection":[{"href":"https:\/\/www.miguelfaccio.com.br\/blog\/index.php\/wp-json\/wp\/v2\/posts"}],"about":[{"href":"https:\/\/www.miguelfaccio.com.br\/blog\/index.php\/wp-json\/wp\/v2\/types\/post"}],"author":[{"embeddable":true,"href":"https:\/\/www.miguelfaccio.com.br\/blog\/index.php\/wp-json\/wp\/v2\/users\/1"}],"replies":[{"embeddable":true,"href":"https:\/\/www.miguelfaccio.com.br\/blog\/index.php\/wp-json\/wp\/v2\/comments?post=19325"}],"version-history":[{"count":1,"href":"https:\/\/www.miguelfaccio.com.br\/blog\/index.php\/wp-json\/wp\/v2\/posts\/19325\/revisions"}],"predecessor-version":[{"id":19326,"href":"https:\/\/www.miguelfaccio.com.br\/blog\/index.php\/wp-json\/wp\/v2\/posts\/19325\/revisions\/19326"}],"wp:attachment":[{"href":"https:\/\/www.miguelfaccio.com.br\/blog\/index.php\/wp-json\/wp\/v2\/media?parent=19325"}],"wp:term":[{"taxonomy":"category","embeddable":true,"href":"https:\/\/www.miguelfaccio.com.br\/blog\/index.php\/wp-json\/wp\/v2\/categories?post=19325"},{"taxonomy":"post_tag","embeddable":true,"href":"https:\/\/www.miguelfaccio.com.br\/blog\/index.php\/wp-json\/wp\/v2\/tags?post=19325"}],"curies":[{"name":"wp","href":"https:\/\/api.w.org\/{rel}","templated":true}]}}