{"id":19323,"date":"2025-05-08T08:11:14","date_gmt":"2025-05-08T11:11:14","guid":{"rendered":"https:\/\/www.miguelfaccio.com.br\/blog\/?p=19323"},"modified":"2025-05-08T08:11:15","modified_gmt":"2025-05-08T11:11:15","slug":"plv4093-livro-27-diario-29-11-2022","status":"publish","type":"post","link":"https:\/\/www.miguelfaccio.com.br\/blog\/index.php\/plv4093-livro-27-diario-29-11-2022\/","title":{"rendered":"PLV4093 \u2013 Livro 27 \u2013 Di\u00e1rio, 29\/11\/2022"},"content":{"rendered":"\n<p class=\"has-text-align-right\"><strong>29\/11\/2022<\/strong><\/p>\n\n\n\n<p>Logo, logo estaremos no final de mais um ano. Foi tempo que foi aproveitado, como, tamb\u00e9m, de muito tempo que foi perdido. O aproveitamento do tempo est\u00e1 em que nossos pensamentos, nossas palavras e nossas obras tenham beneficiado a parte espiritual de cada ser. O tempo perdido est\u00e1 na energia negativa gerada pelo corpo f\u00edsico e tenha se incorporado ao esp\u00edrito e este precisa posteriormente ressarcir. A humanidade de hoje est\u00e1 muito mais perdendo do que amealhando para a evolu\u00e7\u00e3o de seu pr\u00f3prio esp\u00edrito. Desde h\u00e1 muito tempo que especialmente as novas gera\u00e7\u00f5es v\u00eam decaindo sua participa\u00e7\u00e3o na pr\u00f3pria dualidade. A participa\u00e7\u00e3o da mat\u00e9ria muito mais intensa de que em gera\u00e7\u00f5es anteriores, uma maior agilidade mental, uma facilidade em aceitar boas fal\u00e1cias, sem ao menos p\u00f4r na balan\u00e7a dos par\u00e2metros existentes, mesmo que n\u00e3o estejam em seu consciente, mas que \u00e0 primeira vista soa como solu\u00e7\u00e3o para os problemas da humanidade e, pouco conhecimento de sua outra metade do bin\u00f4mio mat\u00e9ria\/esp\u00edrito, esqueceram sua ess\u00eancia e se dedicaram exclusivamente \u00e0 mat\u00e9ria. As gera\u00e7\u00f5es posteriores a esta, muito mais \u00e1gil mentalmente falando, acrescem a convic\u00e7\u00e3o de que s\u00e3o os \u00fanicos que t\u00eam raz\u00e3o. Sua l\u00f3gica continua embotada como as anteriores e continuam pecando por n\u00e3o p\u00f4r suas conclus\u00f5es ao crivo de par\u00e2metros, n\u00e3o s\u00f3 individuais, mas tamb\u00e9m coletivos, fixados nas sociedades que julgam defender. Muitas dessas situa\u00e7\u00f5es s\u00e3o a falta de educa\u00e7\u00e3o dada pelos pais. Estes deixam a \u00e1rvore crescer torta.<\/p>\n","protected":false},"excerpt":{"rendered":"<p>29\/11\/2022 Logo, logo estaremos no final de mais um ano. Foi tempo que foi aproveitado, como, tamb\u00e9m, de muito tempo que foi perdido. O aproveitamento do tempo est\u00e1 em que nossos pensamentos, nossas palavras e nossas obras tenham beneficiado a parte espiritual de cada ser. O tempo perdido est\u00e1 na energia negativa gerada pelo corpo [&hellip;]<\/p>\n","protected":false},"author":1,"featured_media":0,"comment_status":"open","ping_status":"open","sticky":false,"template":"","format":"standard","meta":{"_mi_skip_tracking":false},"categories":[33],"tags":[],"_links":{"self":[{"href":"https:\/\/www.miguelfaccio.com.br\/blog\/index.php\/wp-json\/wp\/v2\/posts\/19323"}],"collection":[{"href":"https:\/\/www.miguelfaccio.com.br\/blog\/index.php\/wp-json\/wp\/v2\/posts"}],"about":[{"href":"https:\/\/www.miguelfaccio.com.br\/blog\/index.php\/wp-json\/wp\/v2\/types\/post"}],"author":[{"embeddable":true,"href":"https:\/\/www.miguelfaccio.com.br\/blog\/index.php\/wp-json\/wp\/v2\/users\/1"}],"replies":[{"embeddable":true,"href":"https:\/\/www.miguelfaccio.com.br\/blog\/index.php\/wp-json\/wp\/v2\/comments?post=19323"}],"version-history":[{"count":1,"href":"https:\/\/www.miguelfaccio.com.br\/blog\/index.php\/wp-json\/wp\/v2\/posts\/19323\/revisions"}],"predecessor-version":[{"id":19324,"href":"https:\/\/www.miguelfaccio.com.br\/blog\/index.php\/wp-json\/wp\/v2\/posts\/19323\/revisions\/19324"}],"wp:attachment":[{"href":"https:\/\/www.miguelfaccio.com.br\/blog\/index.php\/wp-json\/wp\/v2\/media?parent=19323"}],"wp:term":[{"taxonomy":"category","embeddable":true,"href":"https:\/\/www.miguelfaccio.com.br\/blog\/index.php\/wp-json\/wp\/v2\/categories?post=19323"},{"taxonomy":"post_tag","embeddable":true,"href":"https:\/\/www.miguelfaccio.com.br\/blog\/index.php\/wp-json\/wp\/v2\/tags?post=19323"}],"curies":[{"name":"wp","href":"https:\/\/api.w.org\/{rel}","templated":true}]}}