{"id":19321,"date":"2025-05-07T09:21:34","date_gmt":"2025-05-07T12:21:34","guid":{"rendered":"https:\/\/www.miguelfaccio.com.br\/blog\/?p=19321"},"modified":"2025-05-07T09:21:36","modified_gmt":"2025-05-07T12:21:36","slug":"rcd4040-raios-ou-chamas","status":"publish","type":"post","link":"https:\/\/www.miguelfaccio.com.br\/blog\/index.php\/rcd4040-raios-ou-chamas\/","title":{"rendered":"RCD4040 Raios ou Chamas"},"content":{"rendered":"\n<p class=\"has-text-align-right\"><strong>Mensagem do Universo <br>Atrav\u00e9s de Brenda Hoffman<\/strong><\/p>\n\n\n\n<p>O PENSAMENTO DE GRUPO ACABOU<\/p>\n\n\n\n<p>continua\u00e7\u00e3o<\/p>\n\n\n\n<p>Voc\u00ea \u00e9 um indiv\u00edduo \u00fanico, assim como acontece com todos em transi\u00e7\u00e3o. O pensamento em grupo pode continuar a parecer um pouco confort\u00e1vel, pois \u00e9 menos desgastante mentalmente do que a individualidade \u00fanica.<\/p>\n\n\n\n<p>Mas, assim como houve um tempo em que voc\u00ea decidiu que tinha as habilidades para se vestir como um jovem, o pensamento em grupo parecer\u00e1 sufocante em poucos dias.<\/p>\n\n\n\n<p>Quem \u00e9 voc\u00ea? O que voc\u00ea quer ou precisa? Voc\u00ea n\u00e3o pode mais se deixar levar por a\u00e7\u00f5es limitadas, porque outros est\u00e3o te apoiando. Ou outros que s\u00e3o l\u00edderes, dizendo a voc\u00ea e ao restante do grupo o que fazer e quando fazer.<\/p>\n\n\n\n<p>Em vez de grupos de pessoas com ideias semelhantes, pode haver grupos trabalhando em uma atividade semelhante, sem l\u00edder e sem muita semelhan\u00e7a em foco ou inten\u00e7\u00e3o.<\/p>\n\n\n\n<p>Voc\u00ea \u00e9 um indiv\u00edduo \u00fanico, com interesses e habilidades \u00fanicos. Portanto, sua singularidade est\u00e1 sendo chamada \u00e0 a\u00e7\u00e3o a partir do seu ser, n\u00e3o em voz alta ou \u00e1spera, mas suave e insistentemente.<\/p>\n\n\n\n<p>Voc\u00ea n\u00e3o \u00e9 mais o l\u00edder ou membro de um grupo com um objetivo \u00fanico. Em vez disso, os grupos se concentram em um objetivo, com m\u00faltiplos m\u00e9todos para atingir partes individuais desse objetivo.<\/p>\n\n\n\n<p>O pensamento ou a dire\u00e7\u00e3o do grupo n\u00e3o existem mais.<\/p>\n\n\n\n<p>Contribui\u00e7\u00f5es individuais \u00fanicas s\u00e3o agora necess\u00e1rias.<\/p>\n\n\n\n<p>Alguns n\u00e3o ficar\u00e3o mais \u00e0 deriva enquanto outros cumprem os objetivos, nem haver\u00e1 l\u00edderes dizendo aos outros o que fazer. Em vez disso, haver\u00e1 um objetivo interessante para alguns porque ele satisfaz suas necessidades criativas.<\/p>\n\n\n\n<p>Publicidade<\/p>\n\n\n\n<p>No seu novo mundo, o pensamento de grupo n\u00e3o \u00e9 mais um atributo desejado.<\/p>\n\n\n\n<p>\u00c9 hora de ser voc\u00ea, pois ningu\u00e9m permitir\u00e1 que voc\u00ea seja outra pessoa neste novo mundo. O oposto \u00e9 verdadeiro na 3D.<\/p>\n\n\n\n<p>Ent\u00e3o, vista suas cal\u00e7as de menino e menina e permita-se ser voc\u00ea mesmo. O mundo est\u00e1 esperando, e seu ser interior exige que assim seja.<\/p>\n\n\n\n<p>Que assim seja.<\/p>\n\n\n\n<p>Am\u00e9m.<\/p>\n\n\n\n<p>Formata\u00e7\u00e3o e tradu\u00e7\u00e3o \u2013 BLOG DE CORA\u00c7\u00c3O A CORA\u00c7\u00c3O<\/p>\n\n\n\n<figure class=\"wp-block-embed\"><div class=\"wp-block-embed__wrapper\">\nhttp:\/\/www.decoracaoacoracao.blog.br\/\n<\/div><\/figure>\n\n\n\n<figure class=\"wp-block-embed\"><div class=\"wp-block-embed__wrapper\">\nhttp:\/\/stelalecocq.blogspot.com\n<\/div><\/figure>\n\n\n\n<figure class=\"wp-block-embed\"><div class=\"wp-block-embed__wrapper\">\nhttps:\/\/lecocq.wordpress.com\n<\/div><\/figure>\n\n\n\n<p>Instagram \u2013 @blogdecoracaoacoracao<\/p>\n\n\n\n<p>Informa\u00e7\u00f5es e Agendamentos para Mesa Qu\u00e2ntica Estelar, Mesa Pet, Mesa Qu\u00e2ntica 2.0, Florais de Bach, Sistema Regenerador Ashtariano, Sistema Arcturiano de Cura Multidimensional \u2013 lecocqmuller@gmail.com<\/p>\n\n\n\n<p>E-book \u201cMensagens dos Mestres \u2013 De Cora\u00e7\u00e3o a Cora\u00e7\u00e3o\u201d \u2013 https:\/\/mensagensdosmestres.blogspot.com\/<\/p>\n\n\n\n<p>Copyright 2009-2025, Brenda Hoffman \u2013 LifeTapestryCreations.com<\/p>\n\n\n\n<p>Respeite todos os cr\u00e9ditos ao compartilhar<\/p>\n\n\n\n<p>LUZ!<\/p>\n\n\n\n<p>STELA<\/p>\n","protected":false},"excerpt":{"rendered":"<p>Mensagem do Universo Atrav\u00e9s de Brenda Hoffman O PENSAMENTO DE GRUPO ACABOU continua\u00e7\u00e3o Voc\u00ea \u00e9 um indiv\u00edduo \u00fanico, assim como acontece com todos em transi\u00e7\u00e3o. O pensamento em grupo pode continuar a parecer um pouco confort\u00e1vel, pois \u00e9 menos desgastante mentalmente do que a individualidade \u00fanica. Mas, assim como houve um tempo em que voc\u00ea [&hellip;]<\/p>\n","protected":false},"author":1,"featured_media":0,"comment_status":"open","ping_status":"open","sticky":false,"template":"","format":"standard","meta":{"_mi_skip_tracking":false},"categories":[3],"tags":[],"_links":{"self":[{"href":"https:\/\/www.miguelfaccio.com.br\/blog\/index.php\/wp-json\/wp\/v2\/posts\/19321"}],"collection":[{"href":"https:\/\/www.miguelfaccio.com.br\/blog\/index.php\/wp-json\/wp\/v2\/posts"}],"about":[{"href":"https:\/\/www.miguelfaccio.com.br\/blog\/index.php\/wp-json\/wp\/v2\/types\/post"}],"author":[{"embeddable":true,"href":"https:\/\/www.miguelfaccio.com.br\/blog\/index.php\/wp-json\/wp\/v2\/users\/1"}],"replies":[{"embeddable":true,"href":"https:\/\/www.miguelfaccio.com.br\/blog\/index.php\/wp-json\/wp\/v2\/comments?post=19321"}],"version-history":[{"count":1,"href":"https:\/\/www.miguelfaccio.com.br\/blog\/index.php\/wp-json\/wp\/v2\/posts\/19321\/revisions"}],"predecessor-version":[{"id":19322,"href":"https:\/\/www.miguelfaccio.com.br\/blog\/index.php\/wp-json\/wp\/v2\/posts\/19321\/revisions\/19322"}],"wp:attachment":[{"href":"https:\/\/www.miguelfaccio.com.br\/blog\/index.php\/wp-json\/wp\/v2\/media?parent=19321"}],"wp:term":[{"taxonomy":"category","embeddable":true,"href":"https:\/\/www.miguelfaccio.com.br\/blog\/index.php\/wp-json\/wp\/v2\/categories?post=19321"},{"taxonomy":"post_tag","embeddable":true,"href":"https:\/\/www.miguelfaccio.com.br\/blog\/index.php\/wp-json\/wp\/v2\/tags?post=19321"}],"curies":[{"name":"wp","href":"https:\/\/api.w.org\/{rel}","templated":true}]}}