{"id":19319,"date":"2025-05-07T09:20:05","date_gmt":"2025-05-07T12:20:05","guid":{"rendered":"https:\/\/www.miguelfaccio.com.br\/blog\/?p=19319"},"modified":"2025-05-07T09:20:07","modified_gmt":"2025-05-07T12:20:07","slug":"plv4092-livro-27-diario-28-11-2022","status":"publish","type":"post","link":"https:\/\/www.miguelfaccio.com.br\/blog\/index.php\/plv4092-livro-27-diario-28-11-2022\/","title":{"rendered":"PLV4092 \u2013 Livro 27 \u2013 Di\u00e1rio, 28\/11\/2022"},"content":{"rendered":"\n<p class=\"has-text-align-right\"><strong>28\/11\/2022<\/strong><\/p>\n\n\n\n<p>A humanidade precisa acordar, sua atividade quase s\u00f3 se restringe ao que \u00e9 vis\u00edvel e palp\u00e1vel aos seus sentidos obtusos, que s\u00f3 v\u00ea, age, entende aquilo que se relaciona com a mat\u00e9ria. N\u00e3o percebe nada mais que isso. \u00c9 claro que h\u00e1 exce\u00e7\u00f5es, mas s\u00e3o raras. Esqueceu que \u00e9 algo mais que seu corpo f\u00edsico, a mat\u00e9ria, que depois de ter cumprido seu papel aqui no planeta, volta ao p\u00f3 da terra, isso corresponde \u00e0 anula\u00e7\u00e3o de quem foi, porque, de acordo com seu modo de pensar, tudo termina com a morte. A ci\u00eancia dos homens precisa perquirir essa realidade fixada na mente do ser humano, at\u00e9 pela pr\u00f3pria ci\u00eancia. Para ela, tamb\u00e9m, e muitos da mesma forma creem que a morte seja o fim de tudo, que, na realidade, n\u00e3o \u00e9 bem assim. A morte apenas rompe as liga\u00e7\u00f5es que prendem todos os \u00e1tomos que formam o corpo. Esses la\u00e7os rompidos n\u00e3o matam os \u00e1tomos que formam o corpo, apenas os liberta para que retornem ao informe ou ao local de onde vieram. Podem, tamb\u00e9m, retornar ao sol para l\u00e1 serem repolarizados, para que estejam novamente inteiros para formar outros seres. Portanto, n\u00e3o existe a morte, mas o retorno dos \u00e1tomos \u00e0s suas unidades at\u00f4micas. \u00c9 preciso conscientizar-se de que os la\u00e7os que mant\u00eam os elementos do \u00e1tomo unidos, bem como a uni\u00e3o dos \u00e1tomos formando corpos, ou planetas, ou sistemas solares, ou gal\u00e1xias, \u00e9 uma energia Divina com sua pr\u00f3pria frequ\u00eancia e intensidade.<\/p>\n","protected":false},"excerpt":{"rendered":"<p>28\/11\/2022 A humanidade precisa acordar, sua atividade quase s\u00f3 se restringe ao que \u00e9 vis\u00edvel e palp\u00e1vel aos seus sentidos obtusos, que s\u00f3 v\u00ea, age, entende aquilo que se relaciona com a mat\u00e9ria. N\u00e3o percebe nada mais que isso. \u00c9 claro que h\u00e1 exce\u00e7\u00f5es, mas s\u00e3o raras. Esqueceu que \u00e9 algo mais que seu corpo [&hellip;]<\/p>\n","protected":false},"author":1,"featured_media":0,"comment_status":"open","ping_status":"open","sticky":false,"template":"","format":"standard","meta":{"_mi_skip_tracking":false},"categories":[33],"tags":[],"_links":{"self":[{"href":"https:\/\/www.miguelfaccio.com.br\/blog\/index.php\/wp-json\/wp\/v2\/posts\/19319"}],"collection":[{"href":"https:\/\/www.miguelfaccio.com.br\/blog\/index.php\/wp-json\/wp\/v2\/posts"}],"about":[{"href":"https:\/\/www.miguelfaccio.com.br\/blog\/index.php\/wp-json\/wp\/v2\/types\/post"}],"author":[{"embeddable":true,"href":"https:\/\/www.miguelfaccio.com.br\/blog\/index.php\/wp-json\/wp\/v2\/users\/1"}],"replies":[{"embeddable":true,"href":"https:\/\/www.miguelfaccio.com.br\/blog\/index.php\/wp-json\/wp\/v2\/comments?post=19319"}],"version-history":[{"count":1,"href":"https:\/\/www.miguelfaccio.com.br\/blog\/index.php\/wp-json\/wp\/v2\/posts\/19319\/revisions"}],"predecessor-version":[{"id":19320,"href":"https:\/\/www.miguelfaccio.com.br\/blog\/index.php\/wp-json\/wp\/v2\/posts\/19319\/revisions\/19320"}],"wp:attachment":[{"href":"https:\/\/www.miguelfaccio.com.br\/blog\/index.php\/wp-json\/wp\/v2\/media?parent=19319"}],"wp:term":[{"taxonomy":"category","embeddable":true,"href":"https:\/\/www.miguelfaccio.com.br\/blog\/index.php\/wp-json\/wp\/v2\/categories?post=19319"},{"taxonomy":"post_tag","embeddable":true,"href":"https:\/\/www.miguelfaccio.com.br\/blog\/index.php\/wp-json\/wp\/v2\/tags?post=19319"}],"curies":[{"name":"wp","href":"https:\/\/api.w.org\/{rel}","templated":true}]}}