{"id":19314,"date":"2025-05-06T08:43:39","date_gmt":"2025-05-06T11:43:39","guid":{"rendered":"https:\/\/www.miguelfaccio.com.br\/blog\/?p=19314"},"modified":"2025-05-06T08:43:41","modified_gmt":"2025-05-06T11:43:41","slug":"plv4091-livro-27-diario-27-11-2022","status":"publish","type":"post","link":"https:\/\/www.miguelfaccio.com.br\/blog\/index.php\/plv4091-livro-27-diario-27-11-2022\/","title":{"rendered":"PLV4091 \u2013 Livro 27 \u2013 Di\u00e1rio, 27\/11\/2022"},"content":{"rendered":"\n<p class=\"has-text-align-right\"><strong>27\/11\/2022<\/strong><\/p>\n\n\n\n<p>O universo como um todo \u00e9 uma unidade, e esta unidade ainda \u00e9 maior que o universo. Esta unidade maior que o universo, \u00e9 chamada de Deus Uno Pai\/M\u00e3e. Ele \u00e9 tudo o que existe, e tudo o que existe \u00e9 parcela deste Deus. Uma coisa que a humanidade, ainda como um todo, pouco conhece da parcela desse Deus que est\u00e1 dentro de cada ser e comanda, na realidade todo o funcionamento deste ser. Quer seja na parte material, quer seja na parte da ess\u00eancia que forma a dualidade dos seres. Isso em tudo no universo, a partir do \u00e1tomo, em que essa ess\u00eancia d\u00e1 a exist\u00eancia do pr\u00f3prio \u00e1tomo. Enquanto a humanidade n\u00e3o conseguir intelectualizar e fixar em seu consciente essa realidade, que, como diz Jesus, \u201cV\u00f3s sois Deuses\u201d, n\u00e3o ir\u00e1 conseguir evoluir espiritualmente como humanidade, e sempre estar\u00e1 dando prefer\u00eancia \u00e0 mat\u00e9ria, pois \u00e9 a \u00fanica coisa que cabe em seus par\u00e2metros, para an\u00e1lise. Esse conhecer-se como dualidade possibilita ao ser humano a intelectualiza\u00e7\u00e3o de que a mat\u00e9ria sou \u201cEU\u201d e de que a ess\u00eancia, o esp\u00edrito, sou \u201cEU\u201d tamb\u00e9m. Isso nos remete \u00e0 compreens\u00e3o de que o \u201cEU\u201d mat\u00e9ria, que \u00e9 muito mais patente na viv\u00eancia do ser humano, e \u00e9 fal\u00edvel, tem um tempo determinado de exist\u00eancia, para servir o seu \u201cEU\u201d ess\u00eancia a evoluir. Quando isso acontece, surgem os santos que a Igreja Cat\u00f3lica os reconhece e venera como algu\u00e9m que venceu as atra\u00e7\u00f5es da mat\u00e9ria, e conseguiu que ela desse aten\u00e7\u00e3o especial ao seu esp\u00edrito, dando condi\u00e7\u00f5es de r\u00e1pida evolu\u00e7\u00e3o espiritual que o levou a ascensionar e, diretamente, auxiliar seus irm\u00e3os terr\u00e1queos que precisam de seu aux\u00edlio.<\/p>\n","protected":false},"excerpt":{"rendered":"<p>27\/11\/2022 O universo como um todo \u00e9 uma unidade, e esta unidade ainda \u00e9 maior que o universo. Esta unidade maior que o universo, \u00e9 chamada de Deus Uno Pai\/M\u00e3e. Ele \u00e9 tudo o que existe, e tudo o que existe \u00e9 parcela deste Deus. Uma coisa que a humanidade, ainda como um todo, pouco [&hellip;]<\/p>\n","protected":false},"author":1,"featured_media":0,"comment_status":"open","ping_status":"open","sticky":false,"template":"","format":"standard","meta":{"_mi_skip_tracking":false},"categories":[33],"tags":[],"_links":{"self":[{"href":"https:\/\/www.miguelfaccio.com.br\/blog\/index.php\/wp-json\/wp\/v2\/posts\/19314"}],"collection":[{"href":"https:\/\/www.miguelfaccio.com.br\/blog\/index.php\/wp-json\/wp\/v2\/posts"}],"about":[{"href":"https:\/\/www.miguelfaccio.com.br\/blog\/index.php\/wp-json\/wp\/v2\/types\/post"}],"author":[{"embeddable":true,"href":"https:\/\/www.miguelfaccio.com.br\/blog\/index.php\/wp-json\/wp\/v2\/users\/1"}],"replies":[{"embeddable":true,"href":"https:\/\/www.miguelfaccio.com.br\/blog\/index.php\/wp-json\/wp\/v2\/comments?post=19314"}],"version-history":[{"count":1,"href":"https:\/\/www.miguelfaccio.com.br\/blog\/index.php\/wp-json\/wp\/v2\/posts\/19314\/revisions"}],"predecessor-version":[{"id":19315,"href":"https:\/\/www.miguelfaccio.com.br\/blog\/index.php\/wp-json\/wp\/v2\/posts\/19314\/revisions\/19315"}],"wp:attachment":[{"href":"https:\/\/www.miguelfaccio.com.br\/blog\/index.php\/wp-json\/wp\/v2\/media?parent=19314"}],"wp:term":[{"taxonomy":"category","embeddable":true,"href":"https:\/\/www.miguelfaccio.com.br\/blog\/index.php\/wp-json\/wp\/v2\/categories?post=19314"},{"taxonomy":"post_tag","embeddable":true,"href":"https:\/\/www.miguelfaccio.com.br\/blog\/index.php\/wp-json\/wp\/v2\/tags?post=19314"}],"curies":[{"name":"wp","href":"https:\/\/api.w.org\/{rel}","templated":true}]}}